{"id":2877133,"date":"2017-05-28T00:25:06","date_gmt":"2017-05-28T07:25:06","guid":{"rendered":"http:\/\/agpnoticias.com\/news\/?p=2877133"},"modified":"2017-05-28T11:14:36","modified_gmt":"2017-05-28T18:14:36","slug":"el-campeonato-fecarbox-a-los-algodones-oliver-ko-a-sheke-aviles","status":"publish","type":"post","link":"https:\/\/agpnoticias.com\/news\/el-campeonato-fecarbox-a-los-algodones-oliver-ko-a-sheke-aviles\/","title":{"rendered":"El campeonato Fecarbox a Los Algodones: Oliver KO a Sheke Avil\u00e9s"},"content":{"rendered":"<p style=\"padding-left: 30px; text-align: left;\">Ensenada, Baja California.- Faltaban 22 segundos para que finalizara el d\u00e9cimo y \u00faltimo round cuando el r\u00e9feri Fernando Renter\u00eda decidi\u00f3 acabar con la historia.<\/p>\n<p>Entonces sostuvo en sus brazos a Ezequiel \u201cSheke\u201d Avil\u00e9s y le dijo \u201cno va m\u00e1s\u201d.<\/p>\n<p>Era todo.<\/p>\n<p>Oliver Quintana lo hab\u00eda noqueado.<\/p>\n<p>Poco antes, al t\u00e9rmino del octavo round, las tarjetas de dos de los jueces, dadas a conocer por el presentador, eran contrastantes: uno ten\u00eda adelante al ensenadense Avil\u00e9s 77-75 y el otro hab\u00eda visto superior al mexicalense Quintana 78-74.<\/p>\n<p>Por eso los dos peleadores, protagonistas de la funci\u00f3n a cargo de la empresa Marchena Promotions, tuvieron que empe\u00f1ar sus \u00faltimos esfuerzos en llevar la pelea al terreno que m\u00e1s les conven\u00eda.<\/p>\n<p><a href=\"http:\/\/agpnoticias.com\/news\/2877133-2\/img_3813\/\" rel=\"attachment wp-att-2877153\"><img fetchpriority=\"high\" decoding=\"async\" class=\"aligncenter size-full wp-image-2877153\" src=\"http:\/\/agpnoticias.com\/news\/wp-content\/uploads\/2017\/05\/IMG_3813-e1495964471404.jpg\" alt=\"\" width=\"600\" height=\"424\" \/><\/a><\/p>\n<p>\u201cSheke\u201d lo hizo apelando a su jab y su movilidad, virtudes que hasta entonces le manten\u00edan con aspiraciones de triunfo a esas alturas, tratando de no ser alcanzado por alg\u00fan impacto de poder de los tantos que su rival conect\u00f3 a lo largo de la pelea.<\/p>\n<p>Pero se distrajo, y Oliver lo encontr\u00f3.<\/p>\n<p>Primero cay\u00f3 y luego se levant\u00f3 de la lona para ser rematado segundos despu\u00e9s, sin margen para dejar las cosas en manos de los jueces.<\/p>\n<p>As\u00ed perdi\u00f3 la batalla y el t\u00edtulo vacante, el de los superligeros de la Fecarbox que se fue con rumbo a los Algodones, all\u00e1 en Mexicali.<\/p>\n<p><strong>Triunfos ensenadenses en el complemento de la funci\u00f3n<\/strong><\/p>\n<p>Axel \u201cMini\u201d Vega se impuso por nocaut en el sexto round al debutante Jorge de la Rosa en la pelea co-estelar dentro de la divisi\u00f3n minimosca.<\/p>\n<p><a href=\"http:\/\/agpnoticias.com\/news\/2877133-2\/img_3598\/\" rel=\"attachment wp-att-2877150\"><img decoding=\"async\" class=\"aligncenter size-full wp-image-2877150\" src=\"http:\/\/agpnoticias.com\/news\/wp-content\/uploads\/2017\/05\/IMG_3598-e1495963955274.jpg\" alt=\"\" width=\"600\" height=\"363\" \/><\/a><\/p>\n<p>Antes, Andr\u00e9s \u201cPacquiao\u201d Luna super\u00f3 por decisi\u00f3n un\u00e1nime al argentino Eduardo Villa al finalizar los cuatro rounds del combate pactado los pesos mosca.<\/p>\n<p><a href=\"http:\/\/agpnoticias.com\/news\/2877133-2\/img_3312\/\" rel=\"attachment wp-att-2877149\"><img decoding=\"async\" class=\"aligncenter size-full wp-image-2877149\" src=\"http:\/\/agpnoticias.com\/news\/wp-content\/uploads\/2017\/05\/IMG_3312-e1495964076749.jpg\" alt=\"\" width=\"600\" height=\"388\" \/><\/a><\/p>\n<p>&nbsp;<\/p>\n<p>Y Alfredo Mej\u00eda gan\u00f3 por decisi\u00f3n un\u00e1nime la pelea contra el tijuanense Jes\u00fas Palizada despu\u00e9s de seis rounds en la divisi\u00f3n pluma.<\/p>\n<figure id=\"attachment_2877148\" aria-describedby=\"caption-attachment-2877148\" style=\"width: 600px\" class=\"wp-caption aligncenter\"><a href=\"http:\/\/agpnoticias.com\/news\/2877133-2\/img_3196\/\" rel=\"attachment wp-att-2877148\"><img loading=\"lazy\" decoding=\"async\" class=\"size-full wp-image-2877148\" src=\"http:\/\/agpnoticias.com\/news\/wp-content\/uploads\/2017\/05\/IMG_3196-e1495964167937.jpg\" alt=\"\" width=\"600\" height=\"411\" \/><\/a><figcaption id=\"caption-attachment-2877148\" class=\"wp-caption-text\">Alfredo Mej\u00eda<\/figcaption><\/figure>\n<p>Despu\u00e9s de los combates se llev\u00f3 a cabo ah\u00ed mismo un concierto con el cantante Virlan Garc\u00eda.<\/p>\n","protected":false},"excerpt":{"rendered":"<p>Ensenada, Baja California.- Faltaban 22 segundos para que finalizara el d\u00e9cimo y \u00faltimo round cuando&#8230;<\/p>\n","protected":false},"author":1,"featured_media":2877152,"comment_status":"open","ping_status":"closed","sticky":false,"template":"","format":"standard","meta":{"footnotes":""},"categories":[36,7],"tags":[595],"class_list":["post-2877133","post","type-post","status-publish","format-standard","has-post-thumbnail","hentry","category-boxeo","category-deportes","tag-destacado"],"_links":{"self":[{"href":"https:\/\/agpnoticias.com\/news\/wp-json\/wp\/v2\/posts\/2877133","targetHints":{"allow":["GET"]}}],"collection":[{"href":"https:\/\/agpnoticias.com\/news\/wp-json\/wp\/v2\/posts"}],"about":[{"href":"https:\/\/agpnoticias.com\/news\/wp-json\/wp\/v2\/types\/post"}],"author":[{"embeddable":true,"href":"https:\/\/agpnoticias.com\/news\/wp-json\/wp\/v2\/users\/1"}],"replies":[{"embeddable":true,"href":"https:\/\/agpnoticias.com\/news\/wp-json\/wp\/v2\/comments?post=2877133"}],"version-history":[{"count":8,"href":"https:\/\/agpnoticias.com\/news\/wp-json\/wp\/v2\/posts\/2877133\/revisions"}],"predecessor-version":[{"id":2877160,"href":"https:\/\/agpnoticias.com\/news\/wp-json\/wp\/v2\/posts\/2877133\/revisions\/2877160"}],"wp:featuredmedia":[{"embeddable":true,"href":"https:\/\/agpnoticias.com\/news\/wp-json\/wp\/v2\/media\/2877152"}],"wp:attachment":[{"href":"https:\/\/agpnoticias.com\/news\/wp-json\/wp\/v2\/media?parent=2877133"}],"wp:term":[{"taxonomy":"category","embeddable":true,"href":"https:\/\/agpnoticias.com\/news\/wp-json\/wp\/v2\/categories?post=2877133"},{"taxonomy":"post_tag","embeddable":true,"href":"https:\/\/agpnoticias.com\/news\/wp-json\/wp\/v2\/tags?post=2877133"}],"curies":[{"name":"wp","href":"https:\/\/api.w.org\/{rel}","templated":true}]}}