{"id":2877161,"date":"2017-05-28T13:24:25","date_gmt":"2017-05-28T20:24:25","guid":{"rendered":"http:\/\/agpnoticias.com\/news\/?p=2877161"},"modified":"2017-05-28T13:47:31","modified_gmt":"2017-05-28T20:47:31","slug":"oliver-quintana-lo-confirmo-contra-sheke-es-el-verdugo-de-ensenadenses","status":"publish","type":"post","link":"https:\/\/agpnoticias.com\/news\/oliver-quintana-lo-confirmo-contra-sheke-es-el-verdugo-de-ensenadenses\/","title":{"rendered":"Oliver Quintana lo confirm\u00f3 contra Sheke: Es \u00abel verdugo de ensenadenses\u00bb"},"content":{"rendered":"<p>Ensenada, Baja California.- Oliver Quintana confirm\u00f3 el mote que se ha ganado en una de las plazas donde ha consolidado su a\u00fan joven carrera box\u00edstica: \u201cEl verdugo de los ensenadenses\u201d.<\/p>\n<p>Sheke Avil\u00e9s, el rival al que venci\u00f3 la noche del s\u00e1bado en la disputa del campeonato superligero de la Fecarbox, se sum\u00f3 a Julio C\u00e9sar \u201cSoruyito\u201d Ortega y Chuy P\u00e9rez entre los peleadores locales a los que ha vencido a domicilio.<\/p>\n<p>Adem\u00e1s, en abril de 2015, perdi\u00f3 por decisi\u00f3n una pelea por dem\u00e1s cerrada frente a Alexis \u201cPillo\u201d Canett, misma que no aparece m\u00e1s en su r\u00e9cord tras la apelaci\u00f3n hecha en su momento.<\/p>\n<p>\u201cMe siento bien aqu\u00ed, como en mi casa, pero el p\u00fablico lo mira de otra forma\u201d, expres\u00f3 frente a la respuesta de un sector de la afici\u00f3n local luego de su triunfo sobre\u00a0Sheke Avil\u00e9s en los \u00faltimos segundos del combate cuya sede fue el deportivo Antonio Palacios.<\/p>\n<p>En cuanto a la estrategia seguida para ganar el combate, el \u201cMonaguillo\u201d cedi\u00f3 el cr\u00e9dito a los hermanos Joel y To\u00f1o D\u00edaz, responsables de conducir su carrera.<\/p>\n<p>\u201cFue bastante buena la pelea, trabaj\u00e9 lo que me dijo la esquina: rapidez, constancia, mucho juego de cintura, golpeo abajo y arriba\u201d, indic\u00f3.<\/p>\n<p>El peleador mexicalense coincidi\u00f3 con su entrenador Joel D\u00edaz en el sentido de que se vio en la necesidad de presionar el \u00faltimo round para no depender del veredicto de los jueces frente a un rival de la localidad.<\/p>\n<p>\u201cSent\u00ed que iba ganando, pero los jueces al parecer miraban otra cosa. Y no batall\u00e9, fui trabajando lo que me dijo la esquina que me mand\u00f3 a noquearlo y lo logramos\u201d, precis\u00f3.<\/p>\n","protected":false},"excerpt":{"rendered":"<p>Ensenada, Baja California.- Oliver Quintana confirm\u00f3 el mote que se ha ganado en una de&#8230;<\/p>\n","protected":false},"author":1,"featured_media":2877162,"comment_status":"open","ping_status":"closed","sticky":false,"template":"","format":"standard","meta":{"footnotes":""},"categories":[36,7],"tags":[595],"class_list":["post-2877161","post","type-post","status-publish","format-standard","has-post-thumbnail","hentry","category-boxeo","category-deportes","tag-destacado"],"_links":{"self":[{"href":"https:\/\/agpnoticias.com\/news\/wp-json\/wp\/v2\/posts\/2877161","targetHints":{"allow":["GET"]}}],"collection":[{"href":"https:\/\/agpnoticias.com\/news\/wp-json\/wp\/v2\/posts"}],"about":[{"href":"https:\/\/agpnoticias.com\/news\/wp-json\/wp\/v2\/types\/post"}],"author":[{"embeddable":true,"href":"https:\/\/agpnoticias.com\/news\/wp-json\/wp\/v2\/users\/1"}],"replies":[{"embeddable":true,"href":"https:\/\/agpnoticias.com\/news\/wp-json\/wp\/v2\/comments?post=2877161"}],"version-history":[{"count":5,"href":"https:\/\/agpnoticias.com\/news\/wp-json\/wp\/v2\/posts\/2877161\/revisions"}],"predecessor-version":[{"id":2877177,"href":"https:\/\/agpnoticias.com\/news\/wp-json\/wp\/v2\/posts\/2877161\/revisions\/2877177"}],"wp:featuredmedia":[{"embeddable":true,"href":"https:\/\/agpnoticias.com\/news\/wp-json\/wp\/v2\/media\/2877162"}],"wp:attachment":[{"href":"https:\/\/agpnoticias.com\/news\/wp-json\/wp\/v2\/media?parent=2877161"}],"wp:term":[{"taxonomy":"category","embeddable":true,"href":"https:\/\/agpnoticias.com\/news\/wp-json\/wp\/v2\/categories?post=2877161"},{"taxonomy":"post_tag","embeddable":true,"href":"https:\/\/agpnoticias.com\/news\/wp-json\/wp\/v2\/tags?post=2877161"}],"curies":[{"name":"wp","href":"https:\/\/api.w.org\/{rel}","templated":true}]}}