{"id":2879353,"date":"2017-07-17T11:57:56","date_gmt":"2017-07-17T18:57:56","guid":{"rendered":"http:\/\/agpnoticias.com\/news\/?p=2879353"},"modified":"2017-07-17T12:27:47","modified_gmt":"2017-07-17T19:27:47","slug":"inaugurado-el-programa-vacacional-de-inmudere","status":"publish","type":"post","link":"https:\/\/agpnoticias.com\/news\/inaugurado-el-programa-vacacional-de-inmudere\/","title":{"rendered":"Inaugurado el programa vacacional de Inmudere"},"content":{"rendered":"<p>Ensenada, Baja California (<em>Redacci\u00f3n<\/em>).- Tras una semana de actividad en el programa vacacional \u201cBajo del Mar\u201d, esta ma\u00f1ana se inauguraron formalmente las actividades que atienden a alrededor de 2 mil ni\u00f1os en todo el municipio, incluyendo las 22 delegaciones (\u00e9stas de manera gratuita).<\/p>\n<p>Actividades deportivas, recreativas, acu\u00e1ticas, artes pl\u00e1sticas, paseos ciclistas, pl\u00e1ticas de prevenci\u00f3n, talleres de ingl\u00e9s, entre otras son las ofertas que el Instituto Municipal del Deporte y Recreaci\u00f3n de Ensenada (Inmudere) tiene para los ni\u00f1os y j\u00f3venes entre los 5 y 14 a\u00f1os que disfrutan de su periodo vacacional.<\/p>\n<p>La ceremonia fue encabezada por el director de Inmudere, Arturo Hern\u00e1ndez Navarro, acompa\u00f1ado del subdirector de la paramunicipal,\u00a0Fausto Estrada, as\u00ed como Fidencio Vargas, coordinador de la unidad deportiva Sullivan y los ni\u00f1os Ixchel Urbano y Manuel Rito, de las categor\u00eda 5 y 6 a\u00f1os.<\/p>\n<p>&nbsp;<\/p>\n","protected":false},"excerpt":{"rendered":"<p>Ensenada, Baja California (Redacci\u00f3n).- Tras una semana de actividad en el programa vacacional \u201cBajo del&#8230;<\/p>\n","protected":false},"author":1,"featured_media":2879354,"comment_status":"open","ping_status":"closed","sticky":false,"template":"","format":"standard","meta":{"footnotes":""},"categories":[7,173],"tags":[595],"class_list":["post-2879353","post","type-post","status-publish","format-standard","has-post-thumbnail","hentry","category-deportes","category-ayuntamiento-de-ensenada","tag-destacado"],"_links":{"self":[{"href":"https:\/\/agpnoticias.com\/news\/wp-json\/wp\/v2\/posts\/2879353","targetHints":{"allow":["GET"]}}],"collection":[{"href":"https:\/\/agpnoticias.com\/news\/wp-json\/wp\/v2\/posts"}],"about":[{"href":"https:\/\/agpnoticias.com\/news\/wp-json\/wp\/v2\/types\/post"}],"author":[{"embeddable":true,"href":"https:\/\/agpnoticias.com\/news\/wp-json\/wp\/v2\/users\/1"}],"replies":[{"embeddable":true,"href":"https:\/\/agpnoticias.com\/news\/wp-json\/wp\/v2\/comments?post=2879353"}],"version-history":[{"count":4,"href":"https:\/\/agpnoticias.com\/news\/wp-json\/wp\/v2\/posts\/2879353\/revisions"}],"predecessor-version":[{"id":2879358,"href":"https:\/\/agpnoticias.com\/news\/wp-json\/wp\/v2\/posts\/2879353\/revisions\/2879358"}],"wp:featuredmedia":[{"embeddable":true,"href":"https:\/\/agpnoticias.com\/news\/wp-json\/wp\/v2\/media\/2879354"}],"wp:attachment":[{"href":"https:\/\/agpnoticias.com\/news\/wp-json\/wp\/v2\/media?parent=2879353"}],"wp:term":[{"taxonomy":"category","embeddable":true,"href":"https:\/\/agpnoticias.com\/news\/wp-json\/wp\/v2\/categories?post=2879353"},{"taxonomy":"post_tag","embeddable":true,"href":"https:\/\/agpnoticias.com\/news\/wp-json\/wp\/v2\/tags?post=2879353"}],"curies":[{"name":"wp","href":"https:\/\/api.w.org\/{rel}","templated":true}]}}