{"id":2881292,"date":"2017-09-08T12:00:06","date_gmt":"2017-09-08T19:00:06","guid":{"rendered":"http:\/\/agpnoticias.com\/news\/?p=2881292"},"modified":"2017-09-08T20:44:51","modified_gmt":"2017-09-09T03:44:51","slug":"que-valle-verde-se-pinte-de-azul","status":"publish","type":"post","link":"https:\/\/agpnoticias.com\/news\/que-valle-verde-se-pinte-de-azul\/","title":{"rendered":"Que Valle Verde se pinte de azul"},"content":{"rendered":"<p>Ensenada, Baja California.- La dirigencia de la Liga Industrial Comercial quiere ver pintado de azul el campo Alberto Mancilla Ponce del fraccionamiento Valle Verde el domingo a partir de las 11:00 horas.<\/p>\n<p>Para cuando se cante el playball del s\u00e9ptimo juego de la final ante la Liga Amateur de Mexicali, Daniel Olea Guti\u00e9rrez espera una mayor\u00eda de afici\u00f3n local que apoye al seleccionado que busca su primer t\u00edtulo como afiliado de la Asociaci\u00f3n de Ligas de Beisbol de Mexicali.<\/p>\n<p>\u201cEn Mexicali hubo llenos, la afici\u00f3n est\u00e1 muy metida y por eso invitamos a la gente de Ensenada para que asista a apoyarnos y ver un tremendo encuentro de dos equipos muy parejos y competitivos\u201d, apunt\u00f3 el presidente de la Liga IC.<\/p>\n<p>Como ejemplo, dijo, \u201cha habido tres juegos con diferencia de una sola carrera, muy peleados\u201d. Todo inicia a las once de la ma\u00f1ana y desde las nueve estar\u00e1n abiertas las puertas.<\/p>\n<p>\u201cEsperamos bastante gente de Mexicali y hacemos la invitaci\u00f3n al aficionado ensenadense para que nos acompa\u00f1e\u201d, indic\u00f3.<\/p>\n<p>El directivo refiri\u00f3 la joven rivalidad que ha nacido entre los dos circuitos y que vendr\u00e1 a tocar su punto m\u00e1s alto este domingo.<\/p>\n<p>\u201cYa con la Amateur se ha vuelto un cl\u00e1sico estatal. Ellos nos eliminaron en Nuevos Valores; fueron campeones y nos mandaron al tercer lugar. En segunda fuerza nosotros fuimos campeones, elimin\u00e1ndolos. Y ahora estamos en la pelea por el campeonato de la categor\u00eda mayor\u201d, concluy\u00f3.<\/p>\n","protected":false},"excerpt":{"rendered":"<p>Ensenada, Baja California.- La dirigencia de la Liga Industrial Comercial quiere ver pintado de azul&#8230;<\/p>\n","protected":false},"author":1,"featured_media":2881294,"comment_status":"open","ping_status":"closed","sticky":false,"template":"","format":"standard","meta":{"footnotes":""},"categories":[30,20,7],"tags":[595],"class_list":["post-2881292","post","type-post","status-publish","format-standard","has-post-thumbnail","hentry","category-beisbol","category-beisbol-industrial-y-comercial","category-deportes","tag-destacado"],"_links":{"self":[{"href":"https:\/\/agpnoticias.com\/news\/wp-json\/wp\/v2\/posts\/2881292","targetHints":{"allow":["GET"]}}],"collection":[{"href":"https:\/\/agpnoticias.com\/news\/wp-json\/wp\/v2\/posts"}],"about":[{"href":"https:\/\/agpnoticias.com\/news\/wp-json\/wp\/v2\/types\/post"}],"author":[{"embeddable":true,"href":"https:\/\/agpnoticias.com\/news\/wp-json\/wp\/v2\/users\/1"}],"replies":[{"embeddable":true,"href":"https:\/\/agpnoticias.com\/news\/wp-json\/wp\/v2\/comments?post=2881292"}],"version-history":[{"count":5,"href":"https:\/\/agpnoticias.com\/news\/wp-json\/wp\/v2\/posts\/2881292\/revisions"}],"predecessor-version":[{"id":2881299,"href":"https:\/\/agpnoticias.com\/news\/wp-json\/wp\/v2\/posts\/2881292\/revisions\/2881299"}],"wp:featuredmedia":[{"embeddable":true,"href":"https:\/\/agpnoticias.com\/news\/wp-json\/wp\/v2\/media\/2881294"}],"wp:attachment":[{"href":"https:\/\/agpnoticias.com\/news\/wp-json\/wp\/v2\/media?parent=2881292"}],"wp:term":[{"taxonomy":"category","embeddable":true,"href":"https:\/\/agpnoticias.com\/news\/wp-json\/wp\/v2\/categories?post=2881292"},{"taxonomy":"post_tag","embeddable":true,"href":"https:\/\/agpnoticias.com\/news\/wp-json\/wp\/v2\/tags?post=2881292"}],"curies":[{"name":"wp","href":"https:\/\/api.w.org\/{rel}","templated":true}]}}