{"id":2881303,"date":"2017-09-08T20:42:50","date_gmt":"2017-09-09T03:42:50","guid":{"rendered":"http:\/\/agpnoticias.com\/news\/?p=2881303"},"modified":"2017-12-12T11:29:09","modified_gmt":"2017-12-12T19:29:09","slug":"inaugurado-el-gimnasio-auditorio-de-cetys","status":"publish","type":"post","link":"https:\/\/agpnoticias.com\/news\/inaugurado-el-gimnasio-auditorio-de-cetys\/","title":{"rendered":"Inaugurado el Gimnasio-Auditorio de CETYS"},"content":{"rendered":"<p>Ensenada, Baja California.- Tres fechas quedar\u00e1n en la historia de CETYS Universidad Campus Internacional Ensenada.<\/p>\n<p>La primera, el 29 de marzo: colocaci\u00f3n de la primera piedra. La segunda, el 21 de septiembre: inicio de obra. Ambas en 2016.<\/p>\n<p>Y la tercera el 8 de septiembre de 2017: inauguraci\u00f3n del Gimnasio-Auditorio.<\/p>\n<p>El Rector Fernando Le\u00f3n Garc\u00eda, acompa\u00f1ado de integrantes del Instituto Educativo del Noroeste (IENAC), asociaci\u00f3n civil que auspicia a CETYS, encabezaron la inauguraci\u00f3n del escenario cuya inversi\u00f3n fue de 2.5 millones de d\u00f3lares.<\/p>\n<p>La instalaci\u00f3n, dijo el Rector del Sistema CETYS, vendr\u00e1 a colocar \u201cen nuevo niveles\u201d al \u00e1rea deportiva de la instituci\u00f3n, actualmente como participante \u201cde vanguardia\u201d en las competencias estudiantiles de M\u00e9xico.<\/p>\n<p>Adem\u00e1s destac\u00f3 la incorporaci\u00f3n en un futuro de sus representativos como la primera universidad mexicana en competir dentro del sistema estudiantil de los Estados Unidos, NCAA.<\/p>\n<p>Durante el estreno oficial del espacio que permitir\u00e1 el ingreso de 750 personas a los eventos deportivos y a alrededor de mil 500 en actividades culturales, art\u00edsticas y acad\u00e9micas, los miembros de IENAC fueron reconocidos por su participaci\u00f3n en la ejecuci\u00f3n del proyecto.<\/p>\n<figure id=\"attachment_2881306\" aria-describedby=\"caption-attachment-2881306\" style=\"width: 600px\" class=\"wp-caption aligncenter\"><a href=\"http:\/\/agpnoticias.com\/news\/inaugurado-el-gimnasio-auditorio-de-cetys\/dsc01095\/\" rel=\"attachment wp-att-2881306\"><img fetchpriority=\"high\" decoding=\"async\" class=\"size-full wp-image-2881306\" src=\"http:\/\/agpnoticias.com\/news\/wp-content\/uploads\/2017\/09\/DSC01095-e1504928191447.jpg\" alt=\"\" width=\"600\" height=\"387\" \/><\/a><figcaption id=\"caption-attachment-2881306\" class=\"wp-caption-text\">Los impulsores del proyecto fueron reconocidos<\/figcaption><\/figure>\n<p>Mart\u00edn Torres record\u00f3 que la iniciativa naci\u00f3 en 2009 y evolucion\u00f3 gracias, entre otros, a \u201cun \u00e1ngel hiperactivo\u201d como la directora Zona Costa Jessica Ibarra Ramonett, as\u00ed como a los tambi\u00e9n integrantes de IENAC, Enrique Loyola Peterson y el finado Andr\u00e9s Armenta, cuya viuda recibi\u00f3 un reconocimiento.<\/p>\n<p>Por su parte, Juan Ignacio Guajardo, miembro del IENAC, adelant\u00f3 que los pr\u00f3ximos objetivos son contar con dormitorios a un costado del gimnasio y \u00a0construir un campo para la pr\u00e1ctica del futbol americano y el futbol.<\/p>\n<p>Para la ejecuci\u00f3n del gimnasio, cuyas dimensiones permitir\u00e1n la realizaci\u00f3n de eventos oficiales de baloncesto y voleibol -adem\u00e1s de contar con un gimnasio de pesas-, fueron necesarias las donaciones de egresados y miembros de la comunidad.<\/p>\n<figure id=\"attachment_2881308\" aria-describedby=\"caption-attachment-2881308\" style=\"width: 600px\" class=\"wp-caption aligncenter\"><a href=\"http:\/\/agpnoticias.com\/news\/inaugurado-el-gimnasio-auditorio-de-cetys\/img_3412\/\" rel=\"attachment wp-att-2881308\"><img decoding=\"async\" class=\"size-full wp-image-2881308\" src=\"http:\/\/agpnoticias.com\/news\/wp-content\/uploads\/2017\/09\/IMG_3412-e1504928206442.jpg\" alt=\"\" width=\"600\" height=\"400\" \/><\/a><figcaption id=\"caption-attachment-2881308\" class=\"wp-caption-text\">El equipo Acrodunk realiz\u00f3 el espect\u00e1culo de acrobacias frente al aro<\/figcaption><\/figure>\n<p><strong>Programa<\/strong><\/p>\n<p>Por la duela desfilaron los representativos de las diferentes disciplinas incluidas en el programa deportivo de CETYS:<\/p>\n<p>-Atletismo<\/p>\n<p>-Baloncesto femenil<\/p>\n<p>-Baloncesto varonil (Preparatoria)<\/p>\n<p>-Baloncesto varonil (Universidad)<\/p>\n<p>-Beisbol (Universidad)<\/p>\n<p>-Futbol flag (Preparatoria)<\/p>\n<p>-Futbol americano varonil (Varsity)<\/p>\n<p>-Futbol femenil (Preparatoria)<\/p>\n<p>-Futbol varonil (Preparatoria)<\/p>\n<p>-Futbol varonil (Universidad)<\/p>\n<p>-Voleibol femenil (Preparatoria)<\/p>\n<p>-Deportes individuales<\/p>\n<figure id=\"attachment_2881310\" aria-describedby=\"caption-attachment-2881310\" style=\"width: 600px\" class=\"wp-caption aligncenter\"><a href=\"http:\/\/agpnoticias.com\/news\/inaugurado-el-gimnasio-auditorio-de-cetys\/img_3638\/\" rel=\"attachment wp-att-2881310\"><img decoding=\"async\" class=\"size-full wp-image-2881310\" src=\"http:\/\/agpnoticias.com\/news\/wp-content\/uploads\/2017\/09\/IMG_3638-e1504928274162.jpg\" alt=\"\" width=\"600\" height=\"400\" \/><\/a><figcaption id=\"caption-attachment-2881310\" class=\"wp-caption-text\">Humberto Guill\u00edn fue el deportistas que dio un discurso a nombre del estudiantado<\/figcaption><\/figure>\n<p>A nombre de los atletas habl\u00f3 Humberto Guillin, basquetbolista con siete a\u00f1os de experiencia dentro de la instituci\u00f3n, quien destac\u00f3 en su mensaje \u201cla emoci\u00f3n de ser zorro del CETYS\u201d.<\/p>\n<p>Y consider\u00f3 con la inauguraci\u00f3n del gimnasio-auditorio que \u201cno tiene nada que pedirle a instalaciones de Estados Unidos y Europa\u201d, los representantes de preparatoria y universidad potenciar\u00e1n sus alcances.<\/p>\n<p>El acto inici\u00f3 con un encuentro de car\u00e1cter amistoso entre el equipo de voleibol femenil entre CETYS Ensenada y el representativo de la UABC.<\/p>\n<p>Enseguida se present\u00f3 el equipo de porristas de CETYS Mexicali que gan\u00f3 el campeonato nacional de la especialidad en Guadalajara, Jalisco.<\/p>\n<p>Y como parte del espect\u00e1culo particip\u00f3 el equipo de acrobacias de baloncesto estadounidense Acrodunk.<\/p>\n<p>Para cerrar el evento de inauguraci\u00f3n se enfrentaron los representativos de baloncesto de CETYS Ensenada y CETYS Tijuana.<\/p>\n<figure id=\"attachment_2881307\" aria-describedby=\"caption-attachment-2881307\" style=\"width: 600px\" class=\"wp-caption aligncenter\"><a href=\"http:\/\/agpnoticias.com\/news\/inaugurado-el-gimnasio-auditorio-de-cetys\/dsc01162\/\" rel=\"attachment wp-att-2881307\"><img loading=\"lazy\" decoding=\"async\" class=\"size-full wp-image-2881307\" src=\"http:\/\/agpnoticias.com\/news\/wp-content\/uploads\/2017\/09\/DSC01162-e1504928334968.jpg\" alt=\"\" width=\"600\" height=\"326\" \/><\/a><figcaption id=\"caption-attachment-2881307\" class=\"wp-caption-text\">El equipo local de baloncesto protagoniz\u00f3 el encuentro estelar<\/figcaption><\/figure>\n","protected":false},"excerpt":{"rendered":"<p>Ensenada, Baja California.- Tres fechas quedar\u00e1n en la historia de CETYS Universidad Campus Internacional Ensenada&#8230;.<\/p>\n","protected":false},"author":1,"featured_media":2881309,"comment_status":"open","ping_status":"closed","sticky":false,"template":"","format":"standard","meta":{"footnotes":""},"categories":[35,879,704,7],"tags":[595],"class_list":["post-2881303","post","type-post","status-publish","format-standard","has-post-thumbnail","hentry","category-basquetbol","category-cetys-universidad","category-deporte-estudiantil","category-deportes","tag-destacado"],"_links":{"self":[{"href":"https:\/\/agpnoticias.com\/news\/wp-json\/wp\/v2\/posts\/2881303","targetHints":{"allow":["GET"]}}],"collection":[{"href":"https:\/\/agpnoticias.com\/news\/wp-json\/wp\/v2\/posts"}],"about":[{"href":"https:\/\/agpnoticias.com\/news\/wp-json\/wp\/v2\/types\/post"}],"author":[{"embeddable":true,"href":"https:\/\/agpnoticias.com\/news\/wp-json\/wp\/v2\/users\/1"}],"replies":[{"embeddable":true,"href":"https:\/\/agpnoticias.com\/news\/wp-json\/wp\/v2\/comments?post=2881303"}],"version-history":[{"count":4,"href":"https:\/\/agpnoticias.com\/news\/wp-json\/wp\/v2\/posts\/2881303\/revisions"}],"predecessor-version":[{"id":2881326,"href":"https:\/\/agpnoticias.com\/news\/wp-json\/wp\/v2\/posts\/2881303\/revisions\/2881326"}],"wp:featuredmedia":[{"embeddable":true,"href":"https:\/\/agpnoticias.com\/news\/wp-json\/wp\/v2\/media\/2881309"}],"wp:attachment":[{"href":"https:\/\/agpnoticias.com\/news\/wp-json\/wp\/v2\/media?parent=2881303"}],"wp:term":[{"taxonomy":"category","embeddable":true,"href":"https:\/\/agpnoticias.com\/news\/wp-json\/wp\/v2\/categories?post=2881303"},{"taxonomy":"post_tag","embeddable":true,"href":"https:\/\/agpnoticias.com\/news\/wp-json\/wp\/v2\/tags?post=2881303"}],"curies":[{"name":"wp","href":"https:\/\/api.w.org\/{rel}","templated":true}]}}