{"id":2881319,"date":"2017-09-08T21:10:11","date_gmt":"2017-09-09T04:10:11","guid":{"rendered":"http:\/\/agpnoticias.com\/news\/?p=2881319"},"modified":"2017-09-08T21:10:12","modified_gmt":"2017-09-09T04:10:12","slug":"chacho-apunta-a-la-victoria-en-visita-a-pumas","status":"publish","type":"post","link":"https:\/\/agpnoticias.com\/news\/chacho-apunta-a-la-victoria-en-visita-a-pumas\/","title":{"rendered":"\u00abChacho\u00bb apunta a la victoria en visita a Pumas"},"content":{"rendered":"<p>Tijuana, Baja California.- Los Xoloitzcuintles volver\u00e1n a la acci\u00f3n el pr\u00f3ximo domingo ante los Pumas en el duelo correspondiente a la Fecha 8 de la LIGA MX-Apertura 2017.<\/p>\n<p>Para el DT del Club Tijuana, Eduardo Coudet, la mentalidad es \u00fanica, \u00abvamos por la victoria\u00bb, adelant\u00f3 el entrenador previo al choque en el Estadio Ol\u00edmpico Universitario de la UNAM.<\/p>\n<p>\u00abVamos a enfrentar a un gran rival\u00bb, reconoci\u00f3 Coudet. \u00abEs una cancha dif\u00edcil por el horario y el clima, pero tuvimos un buen tiempo para preparar el juego, nos preparamos para sacar la victoria y estamos con la ilusi\u00f3n de poder llevarlo a cabo\u201d, agreg\u00f3 el estratega al finalizar la pr\u00e1ctica de este viernes en la cancha alterna del Estadio Caliente.<\/p>\n<p>Los jugadores tambi\u00e9n se encuentran motivados de cara a la reanudaci\u00f3n del torneo. El defensa Mat\u00edas Aguirregaray destac\u00f3 la importancia de mantener el paso positivo y asegur\u00f3 que buscar\u00e1n la cuarta victoria en fila en el duelo ante los Pumas.<\/p>\n<p>\u201cAnte Pumas jugaremos en un horario no muy habitual. Estamos enfocados en lo que podemos hacer, enfrentamos a un gran equipo y vamos a dar el cien por ciento para traernos una victoria\u201d, coment\u00f3 el zaguero uruguayo.<\/p>\n<p>Los Canes Aztecas finalizar\u00e1n este s\u00e1bado con la preparaci\u00f3n en la Frontera de cara al enfrentamiento ante la UNAM. Posteriormente, el conjunto Rojinegro realizar\u00e1 el viaje a la Ciudad de M\u00e9xico para llevar a cabo la concentraci\u00f3n correspondiente a esta jornada.<\/p>\n<figure id=\"attachment_2881322\" aria-describedby=\"caption-attachment-2881322\" style=\"width: 600px\" class=\"wp-caption aligncenter\"><a href=\"http:\/\/agpnoticias.com\/news\/chacho-apunta-a-la-victoria-en-visita-a-pumas\/vega0349\/\" rel=\"attachment wp-att-2881322\"><img fetchpriority=\"high\" decoding=\"async\" class=\"size-full wp-image-2881322\" src=\"http:\/\/agpnoticias.com\/news\/wp-content\/uploads\/2017\/09\/VEGA0349-e1504930137908.jpg\" alt=\"\" width=\"600\" height=\"400\" \/><\/a><figcaption id=\"caption-attachment-2881322\" class=\"wp-caption-text\">Mat\u00edas Aguirregaray<\/figcaption><\/figure>\n<p><strong>LEONARDO DA SILVA DREYER SE UNE A XOLOITZCUINTLES SUB20<\/strong><br \/>\nEl Club Tijuana incorpor\u00f3 al futbolista brasile\u00f1o, Leonardo Da Silva Dreyer, al equipo Xoloitzcuintle Sub20. El mediocampista nativo del pa\u00eds amaz\u00f3nico, de 20 a\u00f1os de edad, proviene de jugar con el equipo Portimonense Sporting Clube de la Segunda Divisi\u00f3n del futbol de Portugal y ser\u00e1 refuerzo del equipo juvenil Rojinegro a partir del presente torneo Apertura 2017 de la LIGA MX.<\/p>\n<p><em>Informaci\u00f3n: Club Tijuana Xoloitzcuintles de Caliente.<\/em><\/p>\n","protected":false},"excerpt":{"rendered":"<p>Tijuana, Baja California.- Los Xoloitzcuintles volver\u00e1n a la acci\u00f3n el pr\u00f3ximo domingo ante los Pumas&#8230;<\/p>\n","protected":false},"author":1,"featured_media":2881321,"comment_status":"open","ping_status":"closed","sticky":false,"template":"","format":"standard","meta":{"footnotes":""},"categories":[7,32,17],"tags":[595],"class_list":["post-2881319","post","type-post","status-publish","format-standard","has-post-thumbnail","hentry","category-deportes","category-soccer","category-xolos-de-tijuana","tag-destacado"],"_links":{"self":[{"href":"https:\/\/agpnoticias.com\/news\/wp-json\/wp\/v2\/posts\/2881319","targetHints":{"allow":["GET"]}}],"collection":[{"href":"https:\/\/agpnoticias.com\/news\/wp-json\/wp\/v2\/posts"}],"about":[{"href":"https:\/\/agpnoticias.com\/news\/wp-json\/wp\/v2\/types\/post"}],"author":[{"embeddable":true,"href":"https:\/\/agpnoticias.com\/news\/wp-json\/wp\/v2\/users\/1"}],"replies":[{"embeddable":true,"href":"https:\/\/agpnoticias.com\/news\/wp-json\/wp\/v2\/comments?post=2881319"}],"version-history":[{"count":2,"href":"https:\/\/agpnoticias.com\/news\/wp-json\/wp\/v2\/posts\/2881319\/revisions"}],"predecessor-version":[{"id":2881324,"href":"https:\/\/agpnoticias.com\/news\/wp-json\/wp\/v2\/posts\/2881319\/revisions\/2881324"}],"wp:featuredmedia":[{"embeddable":true,"href":"https:\/\/agpnoticias.com\/news\/wp-json\/wp\/v2\/media\/2881321"}],"wp:attachment":[{"href":"https:\/\/agpnoticias.com\/news\/wp-json\/wp\/v2\/media?parent=2881319"}],"wp:term":[{"taxonomy":"category","embeddable":true,"href":"https:\/\/agpnoticias.com\/news\/wp-json\/wp\/v2\/categories?post=2881319"},{"taxonomy":"post_tag","embeddable":true,"href":"https:\/\/agpnoticias.com\/news\/wp-json\/wp\/v2\/tags?post=2881319"}],"curies":[{"name":"wp","href":"https:\/\/api.w.org\/{rel}","templated":true}]}}