{"id":2881774,"date":"2017-09-27T19:49:16","date_gmt":"2017-09-28T02:49:16","guid":{"rendered":"http:\/\/agpnoticias.com\/news\/?p=2881774"},"modified":"2017-12-12T11:29:08","modified_gmt":"2017-12-12T19:29:08","slug":"carlos-adame-responsable-del-gimnasio-de-pesas-en-cetys","status":"publish","type":"post","link":"https:\/\/agpnoticias.com\/news\/carlos-adame-responsable-del-gimnasio-de-pesas-en-cetys\/","title":{"rendered":"Carlos Adame, responsable del gimnasio de pesas en CETYS"},"content":{"rendered":"<p>Ensenada, Baja California.- En cuanto supo de la creaci\u00f3n del \u00e1rea de pesas dentro del nuevo gimnasio-auditorio de CETYS Universidad Campus Internacional Ensenada, Carlos Manuel Adame M\u00e1rquez aplic\u00f3 en busca del trabajo.<\/p>\n<p>A la distancia cuenta la experiencia, ya como preparador f\u00edsico y responsable del espacio.<\/p>\n<p>\u201cEscuch\u00e9 del proyecto y quise involucrarme. Lo siguiente fue enviar mi curriculum, acudir a entrevista y despu\u00e9s me hablaron. Para m\u00ed es un reto trabajar con tantos atletas en una instituci\u00f3n de la calidad de CETYS y s\u00e9 que este trabajo me servir\u00e1 para crecer como persona\u201d, indic\u00f3.<\/p>\n<p>El Licenciado en Actividad F\u00edsica y Deporte destac\u00f3 la disposici\u00f3n encontrada tanto por parte de los entrenadores como de los atletas a su cargo.<\/p>\n<p>\u201cEstoy orgulloso y he encontrado un gran ambiente para as\u00ed poder mostrar el resultado de mi trabajo. Lo importante es hacer entender a todos que el deporte no s\u00f3lo es lo t\u00e9cnico-t\u00e1ctico. Si el deportista quiere sobresalir m\u00e1s tiene que entrarle a las pesas\u201d, explic\u00f3.<\/p>\n<p><a href=\"http:\/\/agpnoticias.com\/news\/carlos-adame-responsable-del-gimnasio-de-pesas-en-cetys\/img_5809\/\" rel=\"attachment wp-att-2881776\"><img fetchpriority=\"high\" decoding=\"async\" class=\"aligncenter size-full wp-image-2881776\" src=\"http:\/\/agpnoticias.com\/news\/wp-content\/uploads\/2017\/09\/IMG_5809-e1506560135507.jpg\" alt=\"\" width=\"500\" height=\"333\" \/><\/a><\/p>\n<p>Sobre sus funciones, detall\u00f3: \u201cTengo la misi\u00f3n de mejorar las condiciones f\u00edsico-atl\u00e9ticas de los deportistas en cada una de las disciplinas seg\u00fan lo que necesiten: fuerza, rapidez o explosividad\u201d.<\/p>\n<p>\u201cPara esto me entrevist\u00e9 con cada uno de los entrenadores de los diferentes deportes para ponerme de acuerdo con ellos en sus d\u00edas de asistencias y el proyecto de sus competencias para no sobrecargar el trabajo\u201d, coment\u00f3.<\/p>\n<p>Antes de incorporarse a CETYS, Carlos Adame, de 26 a\u00f1os, labor\u00f3 para la empresa Nutrici\u00f3n Estrat\u00e9gica con Alberto Miranda, \u201cquien ha sido mi maestro en el proceso de aumentar y desarrollar mis conocimientos\u201d.<\/p>\n","protected":false},"excerpt":{"rendered":"<p>Ensenada, Baja California.- En cuanto supo de la creaci\u00f3n del \u00e1rea de pesas dentro del&#8230;<\/p>\n","protected":false},"author":1,"featured_media":2881775,"comment_status":"open","ping_status":"closed","sticky":false,"template":"","format":"standard","meta":{"footnotes":""},"categories":[879,704,7],"tags":[595],"class_list":["post-2881774","post","type-post","status-publish","format-standard","has-post-thumbnail","hentry","category-cetys-universidad","category-deporte-estudiantil","category-deportes","tag-destacado"],"_links":{"self":[{"href":"https:\/\/agpnoticias.com\/news\/wp-json\/wp\/v2\/posts\/2881774","targetHints":{"allow":["GET"]}}],"collection":[{"href":"https:\/\/agpnoticias.com\/news\/wp-json\/wp\/v2\/posts"}],"about":[{"href":"https:\/\/agpnoticias.com\/news\/wp-json\/wp\/v2\/types\/post"}],"author":[{"embeddable":true,"href":"https:\/\/agpnoticias.com\/news\/wp-json\/wp\/v2\/users\/1"}],"replies":[{"embeddable":true,"href":"https:\/\/agpnoticias.com\/news\/wp-json\/wp\/v2\/comments?post=2881774"}],"version-history":[{"count":3,"href":"https:\/\/agpnoticias.com\/news\/wp-json\/wp\/v2\/posts\/2881774\/revisions"}],"predecessor-version":[{"id":2881801,"href":"https:\/\/agpnoticias.com\/news\/wp-json\/wp\/v2\/posts\/2881774\/revisions\/2881801"}],"wp:featuredmedia":[{"embeddable":true,"href":"https:\/\/agpnoticias.com\/news\/wp-json\/wp\/v2\/media\/2881775"}],"wp:attachment":[{"href":"https:\/\/agpnoticias.com\/news\/wp-json\/wp\/v2\/media?parent=2881774"}],"wp:term":[{"taxonomy":"category","embeddable":true,"href":"https:\/\/agpnoticias.com\/news\/wp-json\/wp\/v2\/categories?post=2881774"},{"taxonomy":"post_tag","embeddable":true,"href":"https:\/\/agpnoticias.com\/news\/wp-json\/wp\/v2\/tags?post=2881774"}],"curies":[{"name":"wp","href":"https:\/\/api.w.org\/{rel}","templated":true}]}}