{"id":2882523,"date":"2017-10-24T18:49:10","date_gmt":"2017-10-25T01:49:10","guid":{"rendered":"http:\/\/agpnoticias.com\/news\/?p=2882523"},"modified":"2017-10-24T18:57:26","modified_gmt":"2017-10-25T01:57:26","slug":"oro-para-yaqui-y-adelina-en-dobles-plata-individual-para-yaqui-en-santo-domingo","status":"publish","type":"post","link":"https:\/\/agpnoticias.com\/news\/oro-para-yaqui-y-adelina-en-dobles-plata-individual-para-yaqui-en-santo-domingo\/","title":{"rendered":"Oro para Yaqui y Adelina en dobles; plata individual para Yaqui en Santo Domingo"},"content":{"rendered":"<p>Ensenada, Baja California.- Los talentos de b\u00e1dminton de Baja California, Yaquelin Duarte y Adelina Qui\u00f1ones, dieron oro a M\u00e9xico en dobles femenil en el II Internacional Junior en Santo Domingo, donde \u201cYaqui\u201d fue la figura mexicana con tres metales.<\/p>\n<p>La dupla de Yaquelin Duarte y Adelina Qui\u00f1ones se llev\u00f3 el oro en al imponerse 21-17, 13-21 y 21-15 a las dominicanas Noem\u00ed Armenta y Bermary Polando, antes en semifinales hab\u00edan dejado en el camino a las tambi\u00e9n anfitrionas Nairoby Jim\u00e9nez y Anny S\u00e1nchez por 21-11 y 22-20.<\/p>\n<p>La popular \u201cYaqui\u201d tambi\u00e9n pele\u00f3 la final femenil en singles, en la que cay\u00f3 con la cara al sol con Nairoby Jim\u00e9nez por 23-25 y 18-21, adue\u00f1\u00e1ndose de la medalla de plata en el mejor juego de la jornada.<\/p>\n<p><a href=\"http:\/\/agpnoticias.com\/news\/oro-para-yaqui-y-adelina-en-dobles-plata-individual-para-yaqui-en-santo-domingo\/22728695_1521988177837313_393232690227835677_n\/\" rel=\"attachment wp-att-2882524\"><img fetchpriority=\"high\" decoding=\"async\" class=\"aligncenter size-full wp-image-2882524\" src=\"http:\/\/agpnoticias.com\/news\/wp-content\/uploads\/2017\/10\/22728695_1521988177837313_393232690227835677_n-e1508896117930.jpg\" alt=\"\" width=\"460\" height=\"345\" \/><\/a><\/p>\n<p>Yaquelin hab\u00eda accedido a la final al imponerse en semifinales a la canadiense Fernanda Saponara por 21-17 y 21-19, etapa en la que Adelina perdi\u00f3 con la dominicana Nairoby Jim\u00e9nez por 17-21 y 18-21 para terminar con la medalla de bronce.<\/p>\n<p>Y en mixtos, Yaquelin Duarte y Luis Montoya se agenciaron la medalla de bronce al caer en semifinales con los canadienses Diego Subauste y Fernanda Saponara.<\/p>\n<p><em>Informaci\u00f3n: Instituto del Deporte de Baja California (INDE).<\/em><\/p>\n","protected":false},"excerpt":{"rendered":"<p>Ensenada, Baja California.- Los talentos de b\u00e1dminton de Baja California, Yaquelin Duarte y Adelina Qui\u00f1ones,&#8230;<\/p>\n","protected":false},"author":1,"featured_media":2882525,"comment_status":"open","ping_status":"closed","sticky":false,"template":"","format":"standard","meta":{"footnotes":""},"categories":[73,7],"tags":[595],"class_list":["post-2882523","post","type-post","status-publish","format-standard","has-post-thumbnail","hentry","category-deportebajacalifornia","category-deportes","tag-destacado"],"_links":{"self":[{"href":"https:\/\/agpnoticias.com\/news\/wp-json\/wp\/v2\/posts\/2882523","targetHints":{"allow":["GET"]}}],"collection":[{"href":"https:\/\/agpnoticias.com\/news\/wp-json\/wp\/v2\/posts"}],"about":[{"href":"https:\/\/agpnoticias.com\/news\/wp-json\/wp\/v2\/types\/post"}],"author":[{"embeddable":true,"href":"https:\/\/agpnoticias.com\/news\/wp-json\/wp\/v2\/users\/1"}],"replies":[{"embeddable":true,"href":"https:\/\/agpnoticias.com\/news\/wp-json\/wp\/v2\/comments?post=2882523"}],"version-history":[{"count":3,"href":"https:\/\/agpnoticias.com\/news\/wp-json\/wp\/v2\/posts\/2882523\/revisions"}],"predecessor-version":[{"id":2882529,"href":"https:\/\/agpnoticias.com\/news\/wp-json\/wp\/v2\/posts\/2882523\/revisions\/2882529"}],"wp:featuredmedia":[{"embeddable":true,"href":"https:\/\/agpnoticias.com\/news\/wp-json\/wp\/v2\/media\/2882525"}],"wp:attachment":[{"href":"https:\/\/agpnoticias.com\/news\/wp-json\/wp\/v2\/media?parent=2882523"}],"wp:term":[{"taxonomy":"category","embeddable":true,"href":"https:\/\/agpnoticias.com\/news\/wp-json\/wp\/v2\/categories?post=2882523"},{"taxonomy":"post_tag","embeddable":true,"href":"https:\/\/agpnoticias.com\/news\/wp-json\/wp\/v2\/tags?post=2882523"}],"curies":[{"name":"wp","href":"https:\/\/api.w.org\/{rel}","templated":true}]}}