{"id":2884319,"date":"2018-01-03T15:06:04","date_gmt":"2018-01-03T23:06:04","guid":{"rendered":"http:\/\/agpnoticias.com\/news\/?p=2884319"},"modified":"2018-01-03T15:14:33","modified_gmt":"2018-01-03T23:14:33","slug":"replica-27","status":"publish","type":"post","link":"https:\/\/agpnoticias.com\/news\/replica-27\/","title":{"rendered":"R\u00c9PLICA"},"content":{"rendered":"<p><strong>Por Fernando Ribeiro Cham<\/strong><\/p>\n<p><strong>2018<\/strong><\/p>\n<p>Este a\u00f1o que reci\u00e9n inicia, tiene una enorme trascendencia rumbo a los Juegos Ol\u00edmpicos que se celebrar\u00e1n en el pa\u00eds nip\u00f3n. Juegos Centroamericanos y del Caribe y los Ol\u00edmpicos de la Juventud, am\u00e9n de los clasificatorios en cada disciplina, tanto para Universiada Mundial, como para Panamericanos y el propio mundial de la especialidad, son los eventos de mayor relevancia para quienes aspiran a llegar a la capital japonesa en el 2020.<\/p>\n<p>Primero Barranquilla y despu\u00e9s Buenos Aires, el deporte latinoamericano tanto juvenil como en categor\u00edas \u201cabiertas\u201d, converger\u00e1 en el cono sur del continente. Ser\u00e1 la cuarta ocasi\u00f3n y la segunda vez en que Colombia y Barranquilla, respectivamente, se conviertan en sede del evento que converge a M\u00e9xico, el Caribe, el centro y a lo m\u00e1s norte de Sudam\u00e9rica. Cabe decirlo que tambi\u00e9n Cali y Bogot\u00e1, est\u00e1 \u00faltima la capital cafetalera, ser\u00e1n subsedes de los juegos que tendr\u00e1n un costo estimado de doscientos cincuenta millones de d\u00f3lares y que recibir\u00e1n a los representantes de 37 delegaciones.<\/p>\n<p>Seg\u00fan el bolet\u00edn emitido por la CONADE, Alfredo Castillo, titular de la dependencia, se\u00f1al\u00f3 que \u201cbuscar\u00e1n mejorar el segundo lugar conseguido en Veracruz\u201d. Luego Castillo hizo una proyecci\u00f3n de entre 93 y 110 medallas de oro, para quedar detr\u00e1s de Cuba, que en palabras de la m\u00e1xima autoridad del deporte nacional, podr\u00eda llegar a las 118.<\/p>\n<p>De entrada en su mensaje escasea el triunfalismo prematuro, pero tambi\u00e9n una realidad que quiz\u00e1 en la d\u00e9cada de los noventa se podr\u00eda afirmar como acto consumado, pero que para estas fechas resulta un tanto inexplicable y es que amigo lector, Cuba no tiene ni la poblaci\u00f3n, ni el recurso \u2013 a\u00fan con la enorme reducci\u00f3n presupuestal \u2013 ni la aplicaci\u00f3n de implementos que coadyuvan en el mejoramiento del rendimiento deportivo, elementos con los que s\u00ed cuenta M\u00e9xico.<\/p>\n<p>Sin duda las apuestas principales estar\u00e1n en el atletismo, el tae kwon do, el tiro con arco y los clavados. Hay que estar al pendiente de disciplinas como el karate, la halterofilia y la gimnasia art\u00edstica, deportes en los que seguramente habr\u00e1 presencia bajacaliforniana.<\/p>\n<p>Personalmente no me gusta la designaci\u00f3n de la ex clavadista y Premio Nacional del Deporte, Mar\u00eda Jos\u00e9 Alcal\u00e1, como jefa de la misi\u00f3n de la delegaci\u00f3n mexicana. Lo anterior me parece m\u00e1s una decisi\u00f3n basada en la cercan\u00eda partidista y el sello del Estado de M\u00e9xico, que una designaci\u00f3n meritoria y repito, es distinto el haber sido excelente deportista, con el hecho de la responsabilidad organizacional y de car\u00e1cter t\u00e9cnico que contempla tal figura.<\/p>\n<p>El otro evento importante se llevar\u00e1 a cabo en el ed\u00e9n del tango, el vino tinto y la literatura de mediados del siglo pasado, Argentina. Contando como su embajador con el considerado por muchos como el mejor jugador de futbol actual, Leo Messi, Buenos Aires busca darle buena continuidad a un proyecto que al parecer lleg\u00f3 para quedarse.<\/p>\n<p>Octubre ser\u00e1 el mes en el que los mejores deportistas de la \u201cpre adultez\u201d se den cita en el escenario que mejor ejemplifica el evento rescatado por Coubertin y cabe decir M\u00e9xico buscar\u00e1 su primera medalla de oro en esta justa de verano. Es preciso mencionar que de Singapur a Nanjing hubo un aumento importante de metales, doblando casi el n\u00famero de medallas totales y especialmente alcanzando una mayor cantidad de finales.<\/p>\n<p>Este es realmente el evento que debe servir para medir los efectos de m\u00e1s de una d\u00e9cada de Olimpiada Nacional y claro est\u00e1, los medallistas mexicanos surgidos de la edici\u00f3n pasada y quienes lo ser\u00e1n en Buenos Aires, ser\u00e1n cartas importantes para el 2020 y el 2024.<\/p>\n<p>Recuerdo que hace un par de meses, un compa\u00f1ero me cuestionaba sobre el alcance del deporte bajacaliforniano, especialmente en el atletismo. Creo que con el nombre de Mar\u00eda Fernanda Orozco, basta para responder.<\/p>\n<p>La mala es que el recurso es cada vez menor. Lo escalofriante es el grado de indiferencia y la forma de minimizar la gesti\u00f3n nacional actual. Lo bueno es que parece que hay una nueva generaci\u00f3n de deportistas mexicanos que no solo compiten, sino que saben ganar en escenarios internacionales.<\/p>\n<p>2018, un a\u00f1o crucial para el deporte mexicano.<\/p>\n<div>\n<div>\n<p><em>*El autor es Licenciado en Actividad F\u00edsica y Deporte por la UABC. Fue responsable de deporte asociado en el Instituto del Deporte de Baja California.\u00a0En la actualidad encabeza la coordinaci\u00f3n de educaci\u00f3n f\u00edsica en el Sistema Educativo Estatal.\u00a0Tambi\u00e9n preside el consejo directivo del Sal\u00f3n de la Fama del Deporte de Ensenada.<\/em><\/p>\n<\/div>\n<\/div>\n","protected":false},"excerpt":{"rendered":"<p>Por Fernando Ribeiro Cham 2018 Este a\u00f1o que reci\u00e9n inicia, tiene una enorme trascendencia rumbo&#8230;<\/p>\n","protected":false},"author":1,"featured_media":2884320,"comment_status":"open","ping_status":"closed","sticky":false,"template":"","format":"standard","meta":{"footnotes":""},"categories":[141,7],"tags":[859,865],"class_list":["post-2884319","post","type-post","status-publish","format-standard","has-post-thumbnail","hentry","category-columnas","category-deportes","tag-portada","tag-ribeiro"],"_links":{"self":[{"href":"https:\/\/agpnoticias.com\/news\/wp-json\/wp\/v2\/posts\/2884319","targetHints":{"allow":["GET"]}}],"collection":[{"href":"https:\/\/agpnoticias.com\/news\/wp-json\/wp\/v2\/posts"}],"about":[{"href":"https:\/\/agpnoticias.com\/news\/wp-json\/wp\/v2\/types\/post"}],"author":[{"embeddable":true,"href":"https:\/\/agpnoticias.com\/news\/wp-json\/wp\/v2\/users\/1"}],"replies":[{"embeddable":true,"href":"https:\/\/agpnoticias.com\/news\/wp-json\/wp\/v2\/comments?post=2884319"}],"version-history":[{"count":1,"href":"https:\/\/agpnoticias.com\/news\/wp-json\/wp\/v2\/posts\/2884319\/revisions"}],"predecessor-version":[{"id":2884321,"href":"https:\/\/agpnoticias.com\/news\/wp-json\/wp\/v2\/posts\/2884319\/revisions\/2884321"}],"wp:featuredmedia":[{"embeddable":true,"href":"https:\/\/agpnoticias.com\/news\/wp-json\/wp\/v2\/media\/2884320"}],"wp:attachment":[{"href":"https:\/\/agpnoticias.com\/news\/wp-json\/wp\/v2\/media?parent=2884319"}],"wp:term":[{"taxonomy":"category","embeddable":true,"href":"https:\/\/agpnoticias.com\/news\/wp-json\/wp\/v2\/categories?post=2884319"},{"taxonomy":"post_tag","embeddable":true,"href":"https:\/\/agpnoticias.com\/news\/wp-json\/wp\/v2\/tags?post=2884319"}],"curies":[{"name":"wp","href":"https:\/\/api.w.org\/{rel}","templated":true}]}}