{"id":2886648,"date":"2018-03-22T12:54:28","date_gmt":"2018-03-22T19:54:28","guid":{"rendered":"http:\/\/agpnoticias.com\/news\/?p=2886648"},"modified":"2018-03-23T10:51:53","modified_gmt":"2018-03-23T17:51:53","slug":"cetys-tendra-representacion-en-esgrima-tkd-y-tiro-con-arco-en-universiada","status":"publish","type":"post","link":"https:\/\/agpnoticias.com\/news\/cetys-tendra-representacion-en-esgrima-tkd-y-tiro-con-arco-en-universiada\/","title":{"rendered":"CETYS tendr\u00e1 representaci\u00f3n en esgrima, TKD y tiro con arco en Universiada"},"content":{"rendered":"<p style=\"font-weight: 400;\">Hermosillo, Sonora.-\u00a0Se abrieron m\u00e1s espacios para CETYS Universidad en la pr\u00f3xima edici\u00f3n de la Universiada Nacional 2018, luego de terminarse las eliminatorias regionales en dos puntos de encuentros de la capital sonorense.<\/p>\n<p style=\"font-weight: 400;\">En las instalaciones del CUM (Centro de Usos M\u00faltiples), Humberto Arellano Papachoris clasific\u00f3 al concluir en el segundo sitio de la rama varonil (estilo Recurvo). En esta misma competencia estuvo Gabriel P\u00e9rez Avelar, quien termin\u00f3 en el quinto lugar y no consigui\u00f3 su boleto. Otros arqueros que calificaron fueron Julio C\u00e9sar Urqu\u00eddez (UNISON) y Luis Fernando Ruiz (UABCS).<\/p>\n<p style=\"font-weight: 400;\">\u00abEstuvimos entrenando muy bien en Tijuana, todos los d\u00edas. La verdad, me sent\u00ed muy preparado en la Universiada Regional y lo logramos. Es mi primera experiencia y la competencia fue dura, pero no fallamos en la concentraci\u00f3n\u00bb, declar\u00f3 Arellano Papachoris.<\/p>\n<p><img fetchpriority=\"high\" decoding=\"async\" class=\"aligncenter size-full wp-image-2886652\" src=\"http:\/\/agpnoticias.com\/news\/wp-content\/uploads\/2018\/03\/24-e1521748284226.jpeg\" alt=\"\" width=\"600\" height=\"400\" \/><\/p>\n<p style=\"font-weight: 400;\">En Compuesto Varonil, Gabriel Orihuela asegur\u00f3 su pase al terminar tambi\u00e9n en segundo lugar general. El primero fue para Antonio Hidalgo (UABCS) y el tercero para Jimmy Deveze (Tec. Tijuana).<\/p>\n<p style=\"font-weight: 400;\">En Recurvo Femenil, Rebeca M\u00e1rquez cumpli\u00f3 con el pron\u00f3stico de poner a CETYS Universidad en el magno evento, terminando en tercera posici\u00f3n. La experimentada Alejandra Valencia (UNISON) pas\u00f3 en primero y Anakaren Villa (Tec. Tijuana) sorprendi\u00f3 son su segundo esca\u00f1o.<\/p>\n<p style=\"font-weight: 400;\">\u00abNos fue muy bien -agreg\u00f3 M\u00e1rquez-. El respaldo de CETYS Universidad hacia sus estudiantes-deportistas es notable, as\u00ed que nos sentimos con el compromiso de reflejarlo con nuestros resultados\u00bb.<\/p>\n<p><img decoding=\"async\" class=\"aligncenter size-full wp-image-2886649\" src=\"http:\/\/agpnoticias.com\/news\/wp-content\/uploads\/2018\/03\/20-e1521748326730.jpg\" alt=\"\" width=\"600\" height=\"400\" \/><\/p>\n<p style=\"font-weight: 400;\"><strong>CONQUISTANDO EL TATAMI<\/strong><\/p>\n<p style=\"font-weight: 400;\">Fue una dura jornada para el taekwondo de CETYS Universidad, pero al final es uno quien le representar\u00e1 en la Universiada Nacional. Se trata de Alfonso M\u00e1rquez (Middle\/87kg), quien enfrent\u00f3 a duros contendientes en el tatami del Gimnasio CFYD hasta conseguir el objetivo. Mayra Hern\u00e1ndez, Sergio Mora, Osvaldo Navarro e Isbel L\u00f3pez se quedaron en el camino.<\/p>\n<p style=\"font-weight: 400;\">\u00abMe sent\u00ed bastante bien en los combates. Fueron muy duros, pero sab\u00eda desde el principio que pod\u00edamos clasificar. Ahora el objetivo es meternos al podio de la Universiada Nacional en Toluca y hay que estar listos\u00bb, concluy\u00f3 el estudiante de Derecho.<\/p>\n<p><img decoding=\"async\" class=\"aligncenter size-full wp-image-2886650\" src=\"http:\/\/agpnoticias.com\/news\/wp-content\/uploads\/2018\/03\/22-e1521748404745.jpg\" alt=\"\" width=\"600\" height=\"383\" \/><\/p>\n<p style=\"font-weight: 400;\"><strong>UN ZORRO DOMINA LA ESPADA<\/strong><\/p>\n<p style=\"font-weight: 400;\">Cabe mencionar que tambi\u00e9n hubo clasificatorio de esgrima hacia Universiada Nacional en Guadalajara, Jalisco, donde Kevin Madrid fue el \u00fanico representante de CETYS y consigui\u00f3 su lugar en la gran justa. En 2017, Madrid cosech\u00f3 medalla de oro en la prueba por equipos y volver\u00e1 en busca de otra presea.<\/p>\n","protected":false},"excerpt":{"rendered":"<p>Hermosillo, Sonora.-\u00a0Se abrieron m\u00e1s espacios para CETYS Universidad en la pr\u00f3xima edici\u00f3n de la Universiada&#8230;<\/p>\n","protected":false},"author":1,"featured_media":2886651,"comment_status":"open","ping_status":"closed","sticky":false,"template":"","format":"standard","meta":{"footnotes":""},"categories":[879,704,7],"tags":[675],"class_list":["post-2886648","post","type-post","status-publish","format-standard","has-post-thumbnail","hentry","category-cetys-universidad","category-deporte-estudiantil","category-deportes","tag-cetys"],"_links":{"self":[{"href":"https:\/\/agpnoticias.com\/news\/wp-json\/wp\/v2\/posts\/2886648","targetHints":{"allow":["GET"]}}],"collection":[{"href":"https:\/\/agpnoticias.com\/news\/wp-json\/wp\/v2\/posts"}],"about":[{"href":"https:\/\/agpnoticias.com\/news\/wp-json\/wp\/v2\/types\/post"}],"author":[{"embeddable":true,"href":"https:\/\/agpnoticias.com\/news\/wp-json\/wp\/v2\/users\/1"}],"replies":[{"embeddable":true,"href":"https:\/\/agpnoticias.com\/news\/wp-json\/wp\/v2\/comments?post=2886648"}],"version-history":[{"count":1,"href":"https:\/\/agpnoticias.com\/news\/wp-json\/wp\/v2\/posts\/2886648\/revisions"}],"predecessor-version":[{"id":2886654,"href":"https:\/\/agpnoticias.com\/news\/wp-json\/wp\/v2\/posts\/2886648\/revisions\/2886654"}],"wp:featuredmedia":[{"embeddable":true,"href":"https:\/\/agpnoticias.com\/news\/wp-json\/wp\/v2\/media\/2886651"}],"wp:attachment":[{"href":"https:\/\/agpnoticias.com\/news\/wp-json\/wp\/v2\/media?parent=2886648"}],"wp:term":[{"taxonomy":"category","embeddable":true,"href":"https:\/\/agpnoticias.com\/news\/wp-json\/wp\/v2\/categories?post=2886648"},{"taxonomy":"post_tag","embeddable":true,"href":"https:\/\/agpnoticias.com\/news\/wp-json\/wp\/v2\/tags?post=2886648"}],"curies":[{"name":"wp","href":"https:\/\/api.w.org\/{rel}","templated":true}]}}