{"id":2888580,"date":"2018-05-18T21:23:00","date_gmt":"2018-05-19T04:23:00","guid":{"rendered":"http:\/\/agpnoticias.com\/news\/?p=2888580"},"modified":"2018-05-18T22:45:05","modified_gmt":"2018-05-19T05:45:05","slug":"kevin-amador-perdio-en-combate-americas-contra-el-invicto-eduardo-torres","status":"publish","type":"post","link":"https:\/\/agpnoticias.com\/news\/kevin-amador-perdio-en-combate-americas-contra-el-invicto-eduardo-torres\/","title":{"rendered":"Kevin Amador perdi\u00f3 en Combate Am\u00e9ricas contra el invicto Eduardo Torres"},"content":{"rendered":"<p>Tijuana, Baja California.- El chileno Eduardo Torres (9-0) conserv\u00f3 su invicto al\u00a0 derrotar al ensenadense Kevin Amador (10-9) por detenci\u00f3n arbitral (sumisi\u00f3n verbal) en el minuto 1:26 del tercer asalto del combate incluido en la funci\u00f3n de Combate Am\u00e9ricas \u00abM\u00e9xico vs. El Mundo\u00bb que se realiza en el Auditorio Municipal de Tijuana.<\/p>\n<p>Kevin Amador perdi\u00f3 por primera vez desde febrero de 2015.<\/p>\n<p>En momentos, pelear\u00e1 el tambi\u00e9n ensenadense Alex \u00abBam Bam\u00bb Velasco (7-2) contra el norteamericano Daniel Rodr\u00edguez (5-1)<\/p>\n","protected":false},"excerpt":{"rendered":"<p>Tijuana, Baja California.- El chileno Eduardo Torres (9-0) conserv\u00f3 su invicto al\u00a0 derrotar al ensenadense&#8230;<\/p>\n","protected":false},"author":1,"featured_media":2888581,"comment_status":"open","ping_status":"closed","sticky":false,"template":"","format":"standard","meta":{"footnotes":""},"categories":[36,7],"tags":[595],"class_list":["post-2888580","post","type-post","status-publish","format-standard","has-post-thumbnail","hentry","category-boxeo","category-deportes","tag-destacado"],"_links":{"self":[{"href":"https:\/\/agpnoticias.com\/news\/wp-json\/wp\/v2\/posts\/2888580","targetHints":{"allow":["GET"]}}],"collection":[{"href":"https:\/\/agpnoticias.com\/news\/wp-json\/wp\/v2\/posts"}],"about":[{"href":"https:\/\/agpnoticias.com\/news\/wp-json\/wp\/v2\/types\/post"}],"author":[{"embeddable":true,"href":"https:\/\/agpnoticias.com\/news\/wp-json\/wp\/v2\/users\/1"}],"replies":[{"embeddable":true,"href":"https:\/\/agpnoticias.com\/news\/wp-json\/wp\/v2\/comments?post=2888580"}],"version-history":[{"count":1,"href":"https:\/\/agpnoticias.com\/news\/wp-json\/wp\/v2\/posts\/2888580\/revisions"}],"predecessor-version":[{"id":2888582,"href":"https:\/\/agpnoticias.com\/news\/wp-json\/wp\/v2\/posts\/2888580\/revisions\/2888582"}],"wp:featuredmedia":[{"embeddable":true,"href":"https:\/\/agpnoticias.com\/news\/wp-json\/wp\/v2\/media\/2888581"}],"wp:attachment":[{"href":"https:\/\/agpnoticias.com\/news\/wp-json\/wp\/v2\/media?parent=2888580"}],"wp:term":[{"taxonomy":"category","embeddable":true,"href":"https:\/\/agpnoticias.com\/news\/wp-json\/wp\/v2\/categories?post=2888580"},{"taxonomy":"post_tag","embeddable":true,"href":"https:\/\/agpnoticias.com\/news\/wp-json\/wp\/v2\/tags?post=2888580"}],"curies":[{"name":"wp","href":"https:\/\/api.w.org\/{rel}","templated":true}]}}