{"id":2889391,"date":"2018-06-13T05:25:53","date_gmt":"2018-06-13T12:25:53","guid":{"rendered":"http:\/\/agpnoticias.com\/news\/?p=2889391"},"modified":"2018-06-13T21:55:26","modified_gmt":"2018-06-14T04:55:26","slug":"lopetegui-recien-contratado-por-el-madrid-despedido-por-la-furia-hierro-en-su-lugar","status":"publish","type":"post","link":"https:\/\/agpnoticias.com\/news\/lopetegui-recien-contratado-por-el-madrid-despedido-por-la-furia-hierro-en-su-lugar\/","title":{"rendered":"Lopetegui, reci\u00e9n contratado por el Madrid, cesado por Espa\u00f1a; Hierro en su lugar"},"content":{"rendered":"<div class=\"col-xs-12 col-sm-10 col-md-8 col-sm-offset-1 col-md-offset-2 d3-o-article__body-part--text fi-o-article__body-part--text\">\n<p>Mosc\u00fa, Rusia.- Fernando Hierro, hasta ahora director deportivo de la Federaci\u00f3n Espa\u00f1ola de F\u00fatbol (RFEF) se har\u00e1 cargo del banquillo espa\u00f1ol durante la Copa Mundial de la FIFA Rusia 2018 despu\u00e9s de que este mi\u00e9rcoles Luis Rubiales, Presidente de la RFEF, anunciase la destituci\u00f3n de Julen Lopetegui en rueda de prensa.<\/p>\n<p>La marcha del t\u00e9cnico vasco llega despu\u00e9s de que el martes\u00a0se hiciese oficial su fichaje por el Real Madrid a la conclusi\u00f3n de la participaci\u00f3n de Espa\u00f1a en el Mundial. Lopetegui hab\u00eda renovado su contrato con la Federaci\u00f3n hasta 2020 hac\u00eda apenas dos semanas.<\/p>\n<\/div>\n<div class=\"col-xs-12 col-sm-10 col-md-8 col-sm-offset-1 col-md-offset-2 d3-o-article__body-part--text fi-o-article__body-part--text\">\n<p>En su comparecencia ante los medios desde Krasnodar, cuartel general de la Roja en Rusia 2018, Rubiales admiti\u00f3 que \u00abha sido una situaci\u00f3n sobrevenida\u00bb.<\/p>\n<\/div>\n<div class=\"col-xs-12 col-sm-10 col-md-8 col-sm-offset-1 col-md-offset-2 d3-o-article__body-part--text fi-o-article__body-part--text\">\n<p>\u00abNos hemos visto obligados a prescindir del seleccionador nacional. Le deseamos la mayor de las suertes. Lo que consiga la selecci\u00f3n espa\u00f1ola en el Mundial tendr\u00e1 que ver con el trabajo que ha desarrollado\u00bb, ha se\u00f1alado. \u00abTodos estamos afectados. Hay que pensar en lo mejor para la entidad, para la Federaci\u00f3n y el equipo\u00bb.<\/p>\n<p>El presidente de la Federaci\u00f3n Espa\u00f1ola ha llamado a la uni\u00f3n de todos ante el inminente debut de la Roja en el torneo. \u00abNos quedamos en una situaci\u00f3n muy complicada, pero los jugadores y el nuevo cuerpo t\u00e9cnico van a hacer todo lo que est\u00e9 a su alcance para llevar a la selecci\u00f3n lo m\u00e1s lejos\u00bb.<\/p>\n<p>Fernando Hierro ser\u00e1 desde este momento quien dirija a Espa\u00f1a en su andadura en el Mundial de Rusia. La Roja debuta\u00a0este 15 de junio en la Copa Mundial de la FIFA ante Portugal.<\/p>\n<p><em>Informaci\u00f3n: FIFA.<\/em><\/p>\n<\/div>\n","protected":false},"excerpt":{"rendered":"<p>Mosc\u00fa, Rusia.- Fernando Hierro, hasta ahora director deportivo de la Federaci\u00f3n Espa\u00f1ola de F\u00fatbol (RFEF)&#8230;<\/p>\n","protected":false},"author":1,"featured_media":2889392,"comment_status":"open","ping_status":"closed","sticky":false,"template":"","format":"standard","meta":{"footnotes":""},"categories":[405],"tags":[885,886],"class_list":["post-2889391","post","type-post","status-publish","format-standard","has-post-thumbnail","hentry","category-sin-categoria-es","tag-rusia","tag-rusia2"],"_links":{"self":[{"href":"https:\/\/agpnoticias.com\/news\/wp-json\/wp\/v2\/posts\/2889391","targetHints":{"allow":["GET"]}}],"collection":[{"href":"https:\/\/agpnoticias.com\/news\/wp-json\/wp\/v2\/posts"}],"about":[{"href":"https:\/\/agpnoticias.com\/news\/wp-json\/wp\/v2\/types\/post"}],"author":[{"embeddable":true,"href":"https:\/\/agpnoticias.com\/news\/wp-json\/wp\/v2\/users\/1"}],"replies":[{"embeddable":true,"href":"https:\/\/agpnoticias.com\/news\/wp-json\/wp\/v2\/comments?post=2889391"}],"version-history":[{"count":7,"href":"https:\/\/agpnoticias.com\/news\/wp-json\/wp\/v2\/posts\/2889391\/revisions"}],"predecessor-version":[{"id":2889399,"href":"https:\/\/agpnoticias.com\/news\/wp-json\/wp\/v2\/posts\/2889391\/revisions\/2889399"}],"wp:featuredmedia":[{"embeddable":true,"href":"https:\/\/agpnoticias.com\/news\/wp-json\/wp\/v2\/media\/2889392"}],"wp:attachment":[{"href":"https:\/\/agpnoticias.com\/news\/wp-json\/wp\/v2\/media?parent=2889391"}],"wp:term":[{"taxonomy":"category","embeddable":true,"href":"https:\/\/agpnoticias.com\/news\/wp-json\/wp\/v2\/categories?post=2889391"},{"taxonomy":"post_tag","embeddable":true,"href":"https:\/\/agpnoticias.com\/news\/wp-json\/wp\/v2\/tags?post=2889391"}],"curies":[{"name":"wp","href":"https:\/\/api.w.org\/{rel}","templated":true}]}}