{"id":2890940,"date":"2018-06-30T21:00:17","date_gmt":"2018-07-01T04:00:17","guid":{"rendered":"http:\/\/agpnoticias.com\/news\/?p=2890940"},"modified":"2018-07-01T00:08:13","modified_gmt":"2018-07-01T07:08:13","slug":"alexis-verdugo-y-fernanda-medina-ganan-carrera-por-la-salud","status":"publish","type":"post","link":"https:\/\/agpnoticias.com\/news\/alexis-verdugo-y-fernanda-medina-ganan-carrera-por-la-salud\/","title":{"rendered":"Alexis Verdugo y Fernanda Medina ganan carrera por la salud"},"content":{"rendered":"<p>Ensenada, Baja California.- Alexis Verdugo y Fernanda Medina ganaron la carrera atl\u00e9tica nocturna organizada por el Sindicato de Trabajadores de la Secretar\u00eda de Salud \u201cCorre, Camina y Trota por tu Salud\u201d, cuya salida y meta se instal\u00f3 en Playa Hermosa.<\/p>\n<p>Alexis Verdugo fue el primer corredor en terminar el trayecto de 5.5 kil\u00f3metros el viernes por la noche, seguido por Humberto Rojas y Gabriel Mart\u00ednez.<\/p>\n<p><img fetchpriority=\"high\" decoding=\"async\" class=\"aligncenter size-full wp-image-2890941\" src=\"http:\/\/agpnoticias.com\/news\/wp-content\/uploads\/2018\/07\/IMG_1747-e1530428810270.jpg\" alt=\"\" width=\"700\" height=\"464\" \/><\/p>\n<p>En la rama femenil, Fernanda Medina super\u00f3 a Selene Elenes y Cynthia Medina.<\/p>\n<p>Francisco Javier Guti\u00e9rrez Rodarte, organizador del evento, indic\u00f3 que \u201cla expectativa se super\u00f3 con la respuesta de 700 personas del sindicato y la poblaci\u00f3n cuando esper\u00e1bamos 600\u201d.<\/p>\n<p>Los ganadores absolutos se llevaron premios en efectivo.<\/p>\n","protected":false},"excerpt":{"rendered":"<p>Ensenada, Baja California.- Alexis Verdugo y Fernanda Medina ganaron la carrera atl\u00e9tica nocturna organizada por&#8230;<\/p>\n","protected":false},"author":1,"featured_media":2890942,"comment_status":"open","ping_status":"closed","sticky":false,"template":"","format":"standard","meta":{"footnotes":""},"categories":[31,7],"tags":[595],"class_list":["post-2890940","post","type-post","status-publish","format-standard","has-post-thumbnail","hentry","category-atletismo","category-deportes","tag-destacado"],"_links":{"self":[{"href":"https:\/\/agpnoticias.com\/news\/wp-json\/wp\/v2\/posts\/2890940","targetHints":{"allow":["GET"]}}],"collection":[{"href":"https:\/\/agpnoticias.com\/news\/wp-json\/wp\/v2\/posts"}],"about":[{"href":"https:\/\/agpnoticias.com\/news\/wp-json\/wp\/v2\/types\/post"}],"author":[{"embeddable":true,"href":"https:\/\/agpnoticias.com\/news\/wp-json\/wp\/v2\/users\/1"}],"replies":[{"embeddable":true,"href":"https:\/\/agpnoticias.com\/news\/wp-json\/wp\/v2\/comments?post=2890940"}],"version-history":[{"count":1,"href":"https:\/\/agpnoticias.com\/news\/wp-json\/wp\/v2\/posts\/2890940\/revisions"}],"predecessor-version":[{"id":2890943,"href":"https:\/\/agpnoticias.com\/news\/wp-json\/wp\/v2\/posts\/2890940\/revisions\/2890943"}],"wp:featuredmedia":[{"embeddable":true,"href":"https:\/\/agpnoticias.com\/news\/wp-json\/wp\/v2\/media\/2890942"}],"wp:attachment":[{"href":"https:\/\/agpnoticias.com\/news\/wp-json\/wp\/v2\/media?parent=2890940"}],"wp:term":[{"taxonomy":"category","embeddable":true,"href":"https:\/\/agpnoticias.com\/news\/wp-json\/wp\/v2\/categories?post=2890940"},{"taxonomy":"post_tag","embeddable":true,"href":"https:\/\/agpnoticias.com\/news\/wp-json\/wp\/v2\/tags?post=2890940"}],"curies":[{"name":"wp","href":"https:\/\/api.w.org\/{rel}","templated":true}]}}