{"id":2892717,"date":"2018-08-01T22:49:34","date_gmt":"2018-08-02T05:49:34","guid":{"rendered":"http:\/\/agpnoticias.com\/news\/?p=2892717"},"modified":"2018-08-01T22:49:59","modified_gmt":"2018-08-02T05:49:59","slug":"debut-en-primera-del-ensenadense-andres-perez","status":"publish","type":"post","link":"https:\/\/agpnoticias.com\/news\/debut-en-primera-del-ensenadense-andres-perez\/","title":{"rendered":"Debut en Primera del ensenadense Andr\u00e9s P\u00e9rez"},"content":{"rendered":"<p>Le\u00f3n, Guanajuato.- Andr\u00e9s P\u00e9rez debut\u00f3 en la Primera Divisi\u00f3n con Quer\u00e9taro. Lo hizo en la Copa MX.<\/p>\n<p>El futbolista ensenadense particip\u00f3 60 minutos del encuentro que Gallos Blancos perdi\u00f3 con Le\u00f3n 2-1.<\/p>\n<p>Aunque ha salido a la banca a los dos juegos de Liga, contra Atlas (1-1) y contra Pachuca (1-0), el tambi\u00e9n mundialista Sub17 por M\u00e9xico, no hab\u00eda tenido actividad.<\/p>\n<p>Fue hasta el encuentro copero que el t\u00e9cnico Rafael Puente lo coloc\u00f3 de inicio.<\/p>\n<p>Le\u00f3n gan\u00f3 con goles de Mauro Boselli (28) y H\u00e9ctor Mascorro (54), mientras que Javier G\u00fcemez (90+3) acort\u00f3 por Quer\u00e9taro.<\/p>\n","protected":false},"excerpt":{"rendered":"<p>Le\u00f3n, Guanajuato.- Andr\u00e9s P\u00e9rez debut\u00f3 en la Primera Divisi\u00f3n con Quer\u00e9taro. Lo hizo en la&#8230;<\/p>\n","protected":false},"author":1,"featured_media":2892718,"comment_status":"open","ping_status":"closed","sticky":false,"template":"","format":"standard","meta":{"footnotes":""},"categories":[7,32],"tags":[595],"class_list":["post-2892717","post","type-post","status-publish","format-standard","has-post-thumbnail","hentry","category-deportes","category-soccer","tag-destacado"],"_links":{"self":[{"href":"https:\/\/agpnoticias.com\/news\/wp-json\/wp\/v2\/posts\/2892717","targetHints":{"allow":["GET"]}}],"collection":[{"href":"https:\/\/agpnoticias.com\/news\/wp-json\/wp\/v2\/posts"}],"about":[{"href":"https:\/\/agpnoticias.com\/news\/wp-json\/wp\/v2\/types\/post"}],"author":[{"embeddable":true,"href":"https:\/\/agpnoticias.com\/news\/wp-json\/wp\/v2\/users\/1"}],"replies":[{"embeddable":true,"href":"https:\/\/agpnoticias.com\/news\/wp-json\/wp\/v2\/comments?post=2892717"}],"version-history":[{"count":1,"href":"https:\/\/agpnoticias.com\/news\/wp-json\/wp\/v2\/posts\/2892717\/revisions"}],"predecessor-version":[{"id":2892719,"href":"https:\/\/agpnoticias.com\/news\/wp-json\/wp\/v2\/posts\/2892717\/revisions\/2892719"}],"wp:featuredmedia":[{"embeddable":true,"href":"https:\/\/agpnoticias.com\/news\/wp-json\/wp\/v2\/media\/2892718"}],"wp:attachment":[{"href":"https:\/\/agpnoticias.com\/news\/wp-json\/wp\/v2\/media?parent=2892717"}],"wp:term":[{"taxonomy":"category","embeddable":true,"href":"https:\/\/agpnoticias.com\/news\/wp-json\/wp\/v2\/categories?post=2892717"},{"taxonomy":"post_tag","embeddable":true,"href":"https:\/\/agpnoticias.com\/news\/wp-json\/wp\/v2\/tags?post=2892717"}],"curies":[{"name":"wp","href":"https:\/\/api.w.org\/{rel}","templated":true}]}}