{"id":2900616,"date":"2018-12-26T16:24:35","date_gmt":"2018-12-27T00:24:35","guid":{"rendered":"http:\/\/agpnoticias.com\/news\/?p=2900616"},"modified":"2018-12-27T19:08:04","modified_gmt":"2018-12-28T03:08:04","slug":"2018-el-ano-de-brandon-niebla-campeon-con-los-autenticos-tigres","status":"publish","type":"post","link":"https:\/\/agpnoticias.com\/news\/2018-el-ano-de-brandon-niebla-campeon-con-los-autenticos-tigres\/","title":{"rendered":"2018, el a\u00f1o de Brandon Niebla, campe\u00f3n con los Aut\u00e9nticos Tigres"},"content":{"rendered":"\n<p class=\"wp-block-paragraph\">Ensenada, Baja California.- Desde que se fue, tres a\u00f1os atr\u00e1s, Brandon Niebla ha regresado a casa, sin falta y con buenas noticias. No ha dejado de ganar. Tampoco de festejar cada vuelta. Campeonatos y a\u00f1os. \u00abCumplo 20, por eso est\u00e1 aqu\u00ed toda la familia\u00bb.<br><\/p>\n\n\n\n<p class=\"wp-block-paragraph\">As\u00ed que su t\u00edtulo con los Aut\u00e9nticos Tigres de la Liga Mayor en ONEFA, as\u00ed como su participaci\u00f3n con M\u00e9xico en el Taz\u00f3n Azteca son un par de motivos m\u00e1s para adornar el entorno, su propio hogar, con referencias al deporte que eligi\u00f3, por encima del f\u00fatbol y el baloncesto, el f\u00fatbol americano.<br><\/p>\n\n\n\n<p class=\"wp-block-paragraph\">\u00abLo que pas\u00f3 estos meses no puede compararse con nada\u00bb, ni siquiera su r\u00e9cord de anotaciones y yardas como campe\u00f3n del equipo Juvenil y como integrante del plantel hexacampe\u00f3n de la divisi\u00f3n Intermedia, antes de \u00abdar el brinco\u00bb.<br><\/p>\n\n\n\n<p class=\"wp-block-paragraph\">\u00abComo novato ya en Liga Mayor anot\u00e9 cinco touchdowns y registr\u00e9 alrededor de 500 yardas\u00bb en conexi\u00f3n con V\u00edctor Cruz, un mariscal de campo \u00abcon talento para NFL\u00bb junto a quien \u00abse dio una comunicaci\u00f3n muy buena\u00bb.<br><\/p>\n\n\n\n<p class=\"wp-block-paragraph\">De esa manera sucedi\u00f3 en la final ganada a los Burros Blancos del Polit\u00e9cnico por 23-20 y m\u00e1s tarde los dos como representantes de M\u00e9xico en el Taz\u00f3n Azteca jugado en CU sobre All American Eagles, selectivo de los Estados Unidos, 17-10.<br><\/p>\n\n\n\n<p class=\"wp-block-paragraph\">\u00abVestir el jersey de M\u00e9xico es un sue\u00f1o cumplido, algo inolvidable\u00bb. Lo dice para resumir el juego en el que alcanz\u00f3 m\u00e1s de 100 yardas con una anotaci\u00f3n y ocho recepciones. <br><\/p>\n\n\n\n<figure class=\"wp-block-image\"><img fetchpriority=\"high\" decoding=\"async\" width=\"600\" height=\"454\" src=\"http:\/\/agpnoticias.com\/news\/wp-content\/uploads\/2018\/12\/IMG_6450-e1545870167466.jpg\" alt=\"\" class=\"wp-image-2900621\"\/><figcaption>El jugador de la UANL acompa\u00f1ado por sus padres<\/figcaption><\/figure>\n\n\n\n<p class=\"wp-block-paragraph\">El \u00e9xito de su primera temporada es, en consecuencia, un desaf\u00edo para el ciclo que viene. \u00abYa me di a notar pero quiero m\u00e1s (oportunidad de) juego, m\u00e1s pases, ser\u00e1 un mayor compromiso superar las marcas hechas en mi debut con el equipo de Liga Mayor y tambi\u00e9n llegar a otra final\u00bb.<br><\/p>\n\n\n\n<p class=\"wp-block-paragraph\">\u00abQuiero cobijar a la gente m\u00e1s joven que llega, como lo han hecho conmigo mis compa\u00f1eros de m\u00e1s experiencia\u00bb.<br><\/p>\n\n\n\n<p class=\"wp-block-paragraph\">Cuando se fue de Ensenada, Brandon Niebla era estudiante de preparatoria. Hoy ya es parte de la Facultad de Deportes de la Universidad Aut\u00f3noma de Nuevo Le\u00f3n.<\/p>\n\n\n\n<p class=\"wp-block-paragraph\">\u00abDecidir\u00e9 en un futuro entre Ciencias del Ejercicio y Periodismo Deportivo\u00bb, ambas carreras compatibles con su vocaci\u00f3n.<br><\/p>\n\n\n\n<p class=\"wp-block-paragraph\">Tiene que regresar a Monterrey el 14 de enero. Trabajo de gimnasio y m\u00e1s adelante al emparrillado.<br><\/p>\n\n\n\n<p class=\"wp-block-paragraph\">Por lo pronto, el Aut\u00e9ntico Tigre, ya con 20 desde el domingo 23, vacaciona en Ensenada.<\/p>\n","protected":false},"excerpt":{"rendered":"<p>Ensenada, Baja California.- Desde que se fue, tres a\u00f1os atr\u00e1s, Brandon Niebla ha regresado a&#8230;<\/p>\n","protected":false},"author":1,"featured_media":2900619,"comment_status":"open","ping_status":"closed","sticky":false,"template":"","format":"standard","meta":{"footnotes":""},"categories":[7,33],"tags":[888,691],"class_list":["post-2900616","post","type-post","status-publish","format-standard","has-post-thumbnail","hentry","category-deportes","category-futbol-americano","tag-destacado2","tag-especiales"],"_links":{"self":[{"href":"https:\/\/agpnoticias.com\/news\/wp-json\/wp\/v2\/posts\/2900616","targetHints":{"allow":["GET"]}}],"collection":[{"href":"https:\/\/agpnoticias.com\/news\/wp-json\/wp\/v2\/posts"}],"about":[{"href":"https:\/\/agpnoticias.com\/news\/wp-json\/wp\/v2\/types\/post"}],"author":[{"embeddable":true,"href":"https:\/\/agpnoticias.com\/news\/wp-json\/wp\/v2\/users\/1"}],"replies":[{"embeddable":true,"href":"https:\/\/agpnoticias.com\/news\/wp-json\/wp\/v2\/comments?post=2900616"}],"version-history":[{"count":3,"href":"https:\/\/agpnoticias.com\/news\/wp-json\/wp\/v2\/posts\/2900616\/revisions"}],"predecessor-version":[{"id":2900622,"href":"https:\/\/agpnoticias.com\/news\/wp-json\/wp\/v2\/posts\/2900616\/revisions\/2900622"}],"wp:featuredmedia":[{"embeddable":true,"href":"https:\/\/agpnoticias.com\/news\/wp-json\/wp\/v2\/media\/2900619"}],"wp:attachment":[{"href":"https:\/\/agpnoticias.com\/news\/wp-json\/wp\/v2\/media?parent=2900616"}],"wp:term":[{"taxonomy":"category","embeddable":true,"href":"https:\/\/agpnoticias.com\/news\/wp-json\/wp\/v2\/categories?post=2900616"},{"taxonomy":"post_tag","embeddable":true,"href":"https:\/\/agpnoticias.com\/news\/wp-json\/wp\/v2\/tags?post=2900616"}],"curies":[{"name":"wp","href":"https:\/\/api.w.org\/{rel}","templated":true}]}}