{"id":2900662,"date":"2018-12-28T14:21:43","date_gmt":"2018-12-28T22:21:43","guid":{"rendered":"http:\/\/agpnoticias.com\/news\/?p=2900662"},"modified":"2018-12-31T14:17:16","modified_gmt":"2018-12-31T22:17:16","slug":"atletismo-zorros-por-mas-en-competencias-oficiales-2019","status":"publish","type":"post","link":"https:\/\/agpnoticias.com\/news\/atletismo-zorros-por-mas-en-competencias-oficiales-2019\/","title":{"rendered":"Atletismo: Zorros por m\u00e1s en competencias oficiales 2019"},"content":{"rendered":"\n<p class=\"wp-block-paragraph\">Ensenada, Baja California.- Destacar en la competencia de la Comisi\u00f3n Nacional Deportiva Estudiantil de\nInstituciones Privadas (Conadeip) es la meta principal para el equipo de\natletismo de CETYS Universidad Campus Internacional Ensenada.<\/p>\n\n\n\n<p class=\"wp-block-paragraph\">\u201cEl\ndesaf\u00edo es llevar al equipo completo al nacional de Conadeip. Para eso\ntrabajamos sin vacaciones porque queremos traer 10 medallas, el doble del a\u00f1o\npasado. Los j\u00f3venes son entregados y dedicados y s\u00e9 que podr\u00edamos conseguir esa\nmeta\u201d, consider\u00f3 Zinnia Garayzar.<\/p>\n\n\n\n<figure class=\"wp-block-image\"><img fetchpriority=\"high\" decoding=\"async\" width=\"600\" height=\"410\" src=\"http:\/\/agpnoticias.com\/news\/wp-content\/uploads\/2018\/12\/DSCN8472-e1546035337825.jpg\" alt=\"\" class=\"wp-image-2900663\"\/><\/figure>\n\n\n\n<p class=\"wp-block-paragraph\">La entrenadora\nprecis\u00f3 que dos atletas que ya egresaron como Yassiel Ledesma y Yanara Mena fueron\nganadoras de medalla en el nacional de Conadeip, junto a los a\u00fan estudiantes de\nCETYS, Jocelyn Barrera, Antonio G\u00f3mez y Aixa Andrea Mart\u00ednez.<\/p>\n\n\n\n<p class=\"wp-block-paragraph\">Son 24\nestudiantes los que conforman el programa de atletismo de CETYS, reunidos \u201cgracias\nal trabajo de detecci\u00f3n de talentos\u201d.<\/p>\n\n\n\n<p class=\"wp-block-paragraph\">\u201cLa mayor\u00eda\nestudian prepa esperando que realicen el proceso completo para contar en el\nfuturo con un gran equipo universitario\u201d, apunt\u00f3.<\/p>\n\n\n\n<p class=\"wp-block-paragraph\"><strong>Jocelyn Barrera L\u00f3pez-Ortega<\/strong><\/p>\n\n\n\n<figure class=\"wp-block-image\"><img decoding=\"async\" width=\"600\" height=\"477\" src=\"http:\/\/agpnoticias.com\/news\/wp-content\/uploads\/2018\/12\/DSCN8481-e1546035450901.jpg\" alt=\"\" class=\"wp-image-2900666\"\/><\/figure>\n\n\n\n<p class=\"wp-block-paragraph\">Fecha de\nnacimiento: 13 de marzo de 1997<\/p>\n\n\n\n<p class=\"wp-block-paragraph\">Prueba:\nSalto con garrocha<\/p>\n\n\n\n<p class=\"wp-block-paragraph\">Grado\nescolar: \u00daltimo semestre de la Licenciatura de Negocios Internacionales<\/p>\n\n\n\n<p class=\"wp-block-paragraph\">Logros de 2018 y expectativas de 2019: Este a\u00f1o tuve primeros lugares en los estatales universitarios en salto con garrocha y tambi\u00e9n qued\u00e9 dentro de los tres primeros lugares regionales y en los cinco de Universiada Nacional. En Condeip fui tercer lugar en mi primera participaci\u00f3n. El pr\u00f3ximo a\u00f1o quiero quedar entre los tres primeros de Conadeip y adem\u00e1s mejorar mis marcas para llegar al p\u00f3dium de Universiada. Estar en CETYS es un orgullo, ya que sin mi beca no habr\u00eda podido estudiar en una instituci\u00f3n as\u00ed. <\/p>\n\n\n\n<p class=\"wp-block-paragraph\"><strong>Antonio G\u00f3mez Osuna<\/strong><\/p>\n\n\n\n<figure class=\"wp-block-image\"><img decoding=\"async\" width=\"600\" height=\"480\" src=\"http:\/\/agpnoticias.com\/news\/wp-content\/uploads\/2018\/12\/DSCN8489-e1546035195552.jpg\" alt=\"\" class=\"wp-image-2900667\"\/><\/figure>\n\n\n\n<p class=\"wp-block-paragraph\">Fecha de\nnacimiento: 11 de julio de 2002<\/p>\n\n\n\n<p class=\"wp-block-paragraph\">Prueba:\nSalto de altura<\/p>\n\n\n\n<p class=\"wp-block-paragraph\">Grado\nescolar: Cuatro semestre de Preparatoria<\/p>\n\n\n\n<p class=\"wp-block-paragraph\">Logros de\n2018 y expectativas de 2019: Fui medallista en Conadeip y clasifiqu\u00e9 al\nnacional de Conadems. Mi objetivo es recuperar esa medalla y tambi\u00e9n quedar\nentre los tres primeros de Conadems y Olimpiada Nacional. Representar a CETYS\nme ha ayudado a tener una educaci\u00f3n de calidad y aparte con todas las\nfacilidades y el respaldo para competir.<\/p>\n\n\n\n<p class=\"wp-block-paragraph\"><strong>Aixa Andrea Mart\u00ednez Esparza<\/strong><\/p>\n\n\n\n<figure class=\"wp-block-image\"><img loading=\"lazy\" decoding=\"async\" width=\"600\" height=\"452\" src=\"http:\/\/agpnoticias.com\/news\/wp-content\/uploads\/2018\/12\/DSCN8478-e1546035232546.jpg\" alt=\"\" class=\"wp-image-2900665\"\/><figcaption>Aixa Andrea Mart\u00ednez<\/figcaption><\/figure>\n\n\n\n<p class=\"wp-block-paragraph\">Fecha de\nnacimiento: 2 de enero de 2003<\/p>\n\n\n\n<p class=\"wp-block-paragraph\">Prueba:\nHeptatl\u00f3n <\/p>\n\n\n\n<p class=\"wp-block-paragraph\">Grado\nescolar: Segundo semestre de Preparatoria<\/p>\n\n\n\n<p class=\"wp-block-paragraph\">Logros de\n2018 y expectativas de 2019: Gan\u00e9 el campeonato estatal, el regional y el\nnacional en una prueba que es muy completa como el heptatl\u00f3n. Y para el a\u00f1o que\nviene espero volver a ganar las competencias oficiales de Conadeip y Conadems.\nEn CETYS llegu\u00e9 con Zinnia, mi entrenadora, ya con cinco a\u00f1os haciendo\natletismo.<\/p>\n","protected":false},"excerpt":{"rendered":"<p>Ensenada, Baja California.- Destacar en la competencia de la Comisi\u00f3n Nacional Deportiva Estudiantil de Instituciones&#8230;<\/p>\n","protected":false},"author":1,"featured_media":2900668,"comment_status":"open","ping_status":"closed","sticky":false,"template":"","format":"standard","meta":{"footnotes":""},"categories":[31,879,704,7],"tags":[888,691],"class_list":["post-2900662","post","type-post","status-publish","format-standard","has-post-thumbnail","hentry","category-atletismo","category-cetys-universidad","category-deporte-estudiantil","category-deportes","tag-destacado2","tag-especiales"],"_links":{"self":[{"href":"https:\/\/agpnoticias.com\/news\/wp-json\/wp\/v2\/posts\/2900662","targetHints":{"allow":["GET"]}}],"collection":[{"href":"https:\/\/agpnoticias.com\/news\/wp-json\/wp\/v2\/posts"}],"about":[{"href":"https:\/\/agpnoticias.com\/news\/wp-json\/wp\/v2\/types\/post"}],"author":[{"embeddable":true,"href":"https:\/\/agpnoticias.com\/news\/wp-json\/wp\/v2\/users\/1"}],"replies":[{"embeddable":true,"href":"https:\/\/agpnoticias.com\/news\/wp-json\/wp\/v2\/comments?post=2900662"}],"version-history":[{"count":1,"href":"https:\/\/agpnoticias.com\/news\/wp-json\/wp\/v2\/posts\/2900662\/revisions"}],"predecessor-version":[{"id":2900670,"href":"https:\/\/agpnoticias.com\/news\/wp-json\/wp\/v2\/posts\/2900662\/revisions\/2900670"}],"wp:featuredmedia":[{"embeddable":true,"href":"https:\/\/agpnoticias.com\/news\/wp-json\/wp\/v2\/media\/2900668"}],"wp:attachment":[{"href":"https:\/\/agpnoticias.com\/news\/wp-json\/wp\/v2\/media?parent=2900662"}],"wp:term":[{"taxonomy":"category","embeddable":true,"href":"https:\/\/agpnoticias.com\/news\/wp-json\/wp\/v2\/categories?post=2900662"},{"taxonomy":"post_tag","embeddable":true,"href":"https:\/\/agpnoticias.com\/news\/wp-json\/wp\/v2\/tags?post=2900662"}],"curies":[{"name":"wp","href":"https:\/\/api.w.org\/{rel}","templated":true}]}}