{"id":2903895,"date":"2019-03-27T17:57:45","date_gmt":"2019-03-28T00:57:45","guid":{"rendered":"http:\/\/agpnoticias.com\/news\/?p=2903895"},"modified":"2019-03-28T18:32:20","modified_gmt":"2019-03-29T01:32:20","slug":"alan-llado-competidor-del-reto-4-elementos-peleara-en-exf-14","status":"publish","type":"post","link":"https:\/\/agpnoticias.com\/news\/alan-llado-competidor-del-reto-4-elementos-peleara-en-exf-14\/","title":{"rendered":"Alan Llado, competidor del Reto 4 Elementos, pelear\u00e1 en EXF 14"},"content":{"rendered":"\n<p class=\"wp-block-paragraph\">Ensenada,\nBaja California.- Alan \u201cCore\u201d Llado alcanz\u00f3 popularidad masiva gracias a su\nparticipaci\u00f3n en el reality show \u201cReto 4 Elementos\u201d, pero dej\u00f3 de lado, por ese\nperiodo, su carrera como peleador de artes marciales mixtas, la cual retomar\u00e1\nen Ensenada, despu\u00e9s de un a\u00f1o de ausencia.<\/p>\n\n\n\n<p class=\"wp-block-paragraph\">El peleador\nnacido en Tampico, pero radicado en Playa del Carmen desde 2012, ser\u00e1 parte de\nla funci\u00f3n EXF14 de la empresa Elite Xtreme Fighting, el viernes 3 de mayo en\nmayo en Plaza Pueblo Antiguo, como rival del ensenadense Gilberto \u201cToo Much\nLove\u201d Santos.<\/p>\n\n\n\n<p class=\"wp-block-paragraph\">A su lado,\ndesde el otro costado de la Rep\u00fablica Mexicana, llegar\u00e1 Jes\u00fas Mart\u00ednez, rival\nde \u201cHulk\u201d S\u00e1nchez. \u201cJes\u00fas y yo hemos ido juntos a Brasil, casi a todas las\npeleas vamos en equipo\u201d, refiri\u00f3.<\/p>\n\n\n\n<p class=\"wp-block-paragraph\">En cuanto a\nsu trayectoria como peleador de MMA, \u201cCore\u201d precis\u00f3 que su origen es como\nboxeador en su natal Tampico. \u201cEs cuando llego a Playa del Carmen que empiezo a\nentrenar MMA, jiujitsu y muay thai, lo que me ha dado una muy buena base de\nstriking\u201d, precis\u00f3.<\/p>\n\n\n\n<p class=\"wp-block-paragraph\">Y admiti\u00f3: \u201cLa\ntransici\u00f3n de boxeo a MMA me ha costado un poco, es diferente, pero me he ido\nacoplando muy bien ya con seis peleas, tres ganadas y tres perdidas, aunque\nhace un a\u00f1o que no peleo, as\u00ed que espero regresar con todo\u201d.<\/p>\n\n\n\n<p class=\"wp-block-paragraph\">Lo anterior\ndebido a su participaci\u00f3n en \u201cReto 4 Elementos\u201d. \u201cEso me quito un poco el foco\nen lo que estaba trabajando, pero ya se dispers\u00f3 esa situaci\u00f3n y regreso a mi\nesencia de peleador\u201d.<\/p>\n\n\n\n<p class=\"wp-block-paragraph\">Sin embargo,\nmatiz\u00f3, \u201cel programa me ayud\u00f3 mucho para ser reconocido en redes sociales\nlogrando audiencia en todo M\u00e9xico. En Tijuana y Ensenada me est\u00e1n ayudando\npersonas que conoc\u00ed de este proyecto\u201d.<\/p>\n\n\n\n<p class=\"wp-block-paragraph\">\u201cViajamos de\nextremo a extremo, todo M\u00e9xico, bien preparados para morir en la l\u00ednea, en\nespera de que los compa\u00f1eros de all\u00e1, de Ensenada, lo hagan igual. Queremos\nhacer ruido para que sepan que hay buenos peleadores de este lado del pa\u00eds, en\nel sur.<\/p>\n\n\n\n<p class=\"wp-block-paragraph\">\u201cEs la\nprimera vez que vamos tan al norte. Por su cercan\u00eda con Estados Unidos tienen\nuna mayor evoluci\u00f3n, pero sabemos que vamos a la guerra, imaginando lo peor\npara dar lo mejor de nosotros\u201d, sentenci\u00f3.<\/p>\n","protected":false},"excerpt":{"rendered":"<p>Ensenada, Baja California.- Alan \u201cCore\u201d Llado alcanz\u00f3 popularidad masiva gracias a su participaci\u00f3n en el&#8230;<\/p>\n","protected":false},"author":1,"featured_media":2903896,"comment_status":"open","ping_status":"closed","sticky":false,"template":"","format":"standard","meta":{"footnotes":""},"categories":[891],"tags":[888,878],"class_list":["post-2903895","post","type-post","status-publish","format-standard","has-post-thumbnail","hentry","category-elite-xtreme-fighting","tag-destacado2","tag-tendencias"],"_links":{"self":[{"href":"https:\/\/agpnoticias.com\/news\/wp-json\/wp\/v2\/posts\/2903895","targetHints":{"allow":["GET"]}}],"collection":[{"href":"https:\/\/agpnoticias.com\/news\/wp-json\/wp\/v2\/posts"}],"about":[{"href":"https:\/\/agpnoticias.com\/news\/wp-json\/wp\/v2\/types\/post"}],"author":[{"embeddable":true,"href":"https:\/\/agpnoticias.com\/news\/wp-json\/wp\/v2\/users\/1"}],"replies":[{"embeddable":true,"href":"https:\/\/agpnoticias.com\/news\/wp-json\/wp\/v2\/comments?post=2903895"}],"version-history":[{"count":1,"href":"https:\/\/agpnoticias.com\/news\/wp-json\/wp\/v2\/posts\/2903895\/revisions"}],"predecessor-version":[{"id":2903897,"href":"https:\/\/agpnoticias.com\/news\/wp-json\/wp\/v2\/posts\/2903895\/revisions\/2903897"}],"wp:featuredmedia":[{"embeddable":true,"href":"https:\/\/agpnoticias.com\/news\/wp-json\/wp\/v2\/media\/2903896"}],"wp:attachment":[{"href":"https:\/\/agpnoticias.com\/news\/wp-json\/wp\/v2\/media?parent=2903895"}],"wp:term":[{"taxonomy":"category","embeddable":true,"href":"https:\/\/agpnoticias.com\/news\/wp-json\/wp\/v2\/categories?post=2903895"},{"taxonomy":"post_tag","embeddable":true,"href":"https:\/\/agpnoticias.com\/news\/wp-json\/wp\/v2\/tags?post=2903895"}],"curies":[{"name":"wp","href":"https:\/\/api.w.org\/{rel}","templated":true}]}}