{"id":2903905,"date":"2019-03-28T14:45:14","date_gmt":"2019-03-28T21:45:14","guid":{"rendered":"http:\/\/agpnoticias.com\/news\/?p=2903905"},"modified":"2019-03-29T22:15:15","modified_gmt":"2019-03-30T05:15:15","slug":"corre-con-causa-a-beneficio-de-ahijados-dif-el-domingo-a-las-900","status":"publish","type":"post","link":"https:\/\/agpnoticias.com\/news\/corre-con-causa-a-beneficio-de-ahijados-dif-el-domingo-a-las-900\/","title":{"rendered":"\u00abCorre con Causa\u00bb a beneficio  de Ahijados DIF, el domingo a las 9:00"},"content":{"rendered":"\n<p class=\"wp-block-paragraph\">Ensenada,\nBaja California.- El domingo de la Plaza C\u00edvica del bulevar costero saldr\u00e1 la\ncarrera atl\u00e9tica Corre con Causa, organizada por DIF Municipal Ensenada para\nsoportar el programa Ahijado DIF, que beneficia a 800 ni\u00f1os ya por 17 a\u00f1os.<\/p>\n\n\n\n<p class=\"wp-block-paragraph\">Jes\u00fas Escoto\nEsparza, director de DIF, inform\u00f3 en rueda de prensa que el evento cuyo inicio\nser\u00e1 a las 9:00 horas tendr\u00e1 un costo de 100 pesos por corredor, cantidad que\nse destinar\u00e1 \u00edntegra al proyecto que consiste en brindar desayuno, mochila y\n\u00fatiles a la ni\u00f1ez de sectores vulnerables del municipio.<\/p>\n\n\n\n<p class=\"wp-block-paragraph\">En cuanto a\nla realizaci\u00f3n de otra carrera en Ensenada el mismo domingo, consider\u00f3 que no\nafectar\u00e1 pues no coinciden en horario, e incluso podr\u00e1n sumarse quienes as\u00ed lo\ndeseen despu\u00e9s de participar en el otro evento atl\u00e9tico que empieza una hora\nantes.<\/p>\n\n\n\n<p class=\"wp-block-paragraph\">Marhislet\nCortez Soto, representante del Instituto Municipal del Deporte y Recreaci\u00f3n de\nEnsenada (Inmudere), se\u00f1al\u00f3 que habr\u00e1 dos trayectos, uno de cinco kil\u00f3metros\ncon retorno en Playa Hermosa y otro de tres con retorno a la altura de la\nuniversidad UNID.<\/p>\n\n\n\n<p class=\"wp-block-paragraph\">Aun cuando\nse trata de un paseo de caracter\u00edsticas familiares, los tres primeros\ncorredores en cruzar la meta en ambas ramas recibir\u00e1n un trofeo, en tanto que\nlos 300 primeros que crucen la meta obtendr\u00e1n una camiseta de la carrera.<\/p>\n\n\n\n<p class=\"wp-block-paragraph\">Tambi\u00e9n se\nestableci\u00f3 una categor\u00eda \u00fanica para discapacitados.<\/p>\n\n\n\n<p class=\"wp-block-paragraph\">Adem\u00e1s todos\nlos inscritos ser\u00e1n parte de una rifa donde estar\u00e1n en juego tres pantallas\n(televisores).<\/p>\n\n\n\n<p class=\"wp-block-paragraph\">Las inscripciones\npueden realizarse en DIF de Reforma y Ram\u00edrez M\u00e9ndez y en la oficina de Inmudere\ndentro del deportivo Sullivan.<\/p>\n\n\n\n<p class=\"wp-block-paragraph\">Por parte de\nTr\u00e1nsito Municipal acudi\u00f3 a la rueda de prensa Juan Ordu\u00f1o, quien garantiz\u00f3 la\nseguridad de los participantes al permanecer cerrado ese tramo del bulevar\ncostero durante el trayecto.<\/p>\n","protected":false},"excerpt":{"rendered":"<p>Ensenada, Baja California.- El domingo de la Plaza C\u00edvica del bulevar costero saldr\u00e1 la carrera&#8230;<\/p>\n","protected":false},"author":1,"featured_media":2903907,"comment_status":"open","ping_status":"closed","sticky":false,"template":"","format":"standard","meta":{"footnotes":""},"categories":[31],"tags":[888],"class_list":["post-2903905","post","type-post","status-publish","format-standard","has-post-thumbnail","hentry","category-atletismo","tag-destacado2"],"_links":{"self":[{"href":"https:\/\/agpnoticias.com\/news\/wp-json\/wp\/v2\/posts\/2903905","targetHints":{"allow":["GET"]}}],"collection":[{"href":"https:\/\/agpnoticias.com\/news\/wp-json\/wp\/v2\/posts"}],"about":[{"href":"https:\/\/agpnoticias.com\/news\/wp-json\/wp\/v2\/types\/post"}],"author":[{"embeddable":true,"href":"https:\/\/agpnoticias.com\/news\/wp-json\/wp\/v2\/users\/1"}],"replies":[{"embeddable":true,"href":"https:\/\/agpnoticias.com\/news\/wp-json\/wp\/v2\/comments?post=2903905"}],"version-history":[{"count":1,"href":"https:\/\/agpnoticias.com\/news\/wp-json\/wp\/v2\/posts\/2903905\/revisions"}],"predecessor-version":[{"id":2903906,"href":"https:\/\/agpnoticias.com\/news\/wp-json\/wp\/v2\/posts\/2903905\/revisions\/2903906"}],"wp:featuredmedia":[{"embeddable":true,"href":"https:\/\/agpnoticias.com\/news\/wp-json\/wp\/v2\/media\/2903907"}],"wp:attachment":[{"href":"https:\/\/agpnoticias.com\/news\/wp-json\/wp\/v2\/media?parent=2903905"}],"wp:term":[{"taxonomy":"category","embeddable":true,"href":"https:\/\/agpnoticias.com\/news\/wp-json\/wp\/v2\/categories?post=2903905"},{"taxonomy":"post_tag","embeddable":true,"href":"https:\/\/agpnoticias.com\/news\/wp-json\/wp\/v2\/tags?post=2903905"}],"curies":[{"name":"wp","href":"https:\/\/api.w.org\/{rel}","templated":true}]}}