{"id":2903908,"date":"2019-03-28T15:34:55","date_gmt":"2019-03-28T22:34:55","guid":{"rendered":"http:\/\/agpnoticias.com\/news\/?p=2903908"},"modified":"2019-03-29T22:17:15","modified_gmt":"2019-03-30T05:17:15","slug":"wanel-vasquez-reporta-con-los-marineros-de-ensenada","status":"publish","type":"post","link":"https:\/\/agpnoticias.com\/news\/wanel-vasquez-reporta-con-los-marineros-de-ensenada\/","title":{"rendered":"Wanel V\u00e1squez reporta con los Marineros de Ensenada"},"content":{"rendered":"\n<p class=\"wp-block-paragraph\">Ensenada, Baja California.- El lanzador dominicano Wanel V\u00e1squez Meza regresa a los Marineros de Ensenada.<\/p>\n\n\n\n<p class=\"wp-block-paragraph\">Los\nbicampeones de la Liga Norte de M\u00e9xico anunciaron la contrataci\u00f3n del pitcher\nque milit\u00f3 en su plantel dos temporadas atr\u00e1s.<\/p>\n\n\n\n<p class=\"wp-block-paragraph\">\u201cEstoy motivado por la invitaci\u00f3n de nueva cuenta\npor parte de esta organizaci\u00f3n, a la que le tengo mucho respeto y gran cari\u00f1o\npor el trato que tienen hacia nosotros los peloteros, esta es una gran familia\ny siempre estamos pensando en ser los monarcas, es una gran responsabilidad,\npero quiero afrontar el reto de nueva cuenta\u201d, dijo.<\/p>\n\n\n\n<p class=\"wp-block-paragraph\">Wanel es parte de la n\u00f3mina de peloteros extranjeros de Marineros, misma que integran el campo corto \u00c9dgar Dur\u00e1n y los lanzadores Luis Ram\u00edrez y Marlon Arias.<\/p>\n\n\n\n<p class=\"wp-block-paragraph\">El equipo conducido por Ger\u00f3nimo Gil jugar\u00e1 el\nmartes ante los Toros de Tijuana en el deportivo Antonio Palacios para as\u00ed\nabrir formalmente sus encuentros de pretemporada.<\/p>\n","protected":false},"excerpt":{"rendered":"<p>Ensenada, Baja California.- El lanzador dominicano Wanel V\u00e1squez Meza regresa a los Marineros de Ensenada&#8230;.<\/p>\n","protected":false},"author":1,"featured_media":2903909,"comment_status":"open","ping_status":"closed","sticky":false,"template":"","format":"standard","meta":{"footnotes":""},"categories":[18],"tags":[888],"class_list":["post-2903908","post","type-post","status-publish","format-standard","has-post-thumbnail","hentry","category-marineros-de-ensenada","tag-destacado2"],"_links":{"self":[{"href":"https:\/\/agpnoticias.com\/news\/wp-json\/wp\/v2\/posts\/2903908","targetHints":{"allow":["GET"]}}],"collection":[{"href":"https:\/\/agpnoticias.com\/news\/wp-json\/wp\/v2\/posts"}],"about":[{"href":"https:\/\/agpnoticias.com\/news\/wp-json\/wp\/v2\/types\/post"}],"author":[{"embeddable":true,"href":"https:\/\/agpnoticias.com\/news\/wp-json\/wp\/v2\/users\/1"}],"replies":[{"embeddable":true,"href":"https:\/\/agpnoticias.com\/news\/wp-json\/wp\/v2\/comments?post=2903908"}],"version-history":[{"count":1,"href":"https:\/\/agpnoticias.com\/news\/wp-json\/wp\/v2\/posts\/2903908\/revisions"}],"predecessor-version":[{"id":2903910,"href":"https:\/\/agpnoticias.com\/news\/wp-json\/wp\/v2\/posts\/2903908\/revisions\/2903910"}],"wp:featuredmedia":[{"embeddable":true,"href":"https:\/\/agpnoticias.com\/news\/wp-json\/wp\/v2\/media\/2903909"}],"wp:attachment":[{"href":"https:\/\/agpnoticias.com\/news\/wp-json\/wp\/v2\/media?parent=2903908"}],"wp:term":[{"taxonomy":"category","embeddable":true,"href":"https:\/\/agpnoticias.com\/news\/wp-json\/wp\/v2\/categories?post=2903908"},{"taxonomy":"post_tag","embeddable":true,"href":"https:\/\/agpnoticias.com\/news\/wp-json\/wp\/v2\/tags?post=2903908"}],"curies":[{"name":"wp","href":"https:\/\/api.w.org\/{rel}","templated":true}]}}