{"id":2904086,"date":"2019-04-05T13:28:35","date_gmt":"2019-04-05T20:28:35","guid":{"rendered":"http:\/\/agpnoticias.com\/news\/?p=2904086"},"modified":"2019-04-06T00:25:11","modified_gmt":"2019-04-06T07:25:11","slug":"primer-roster-de-marineros-sujeto-a-ajustes-rumbo-a-su-presentacion","status":"publish","type":"post","link":"https:\/\/agpnoticias.com\/news\/primer-roster-de-marineros-sujeto-a-ajustes-rumbo-a-su-presentacion\/","title":{"rendered":"Primer roster de Marineros, sujeto a ajustes rumbo a su presentaci\u00f3n"},"content":{"rendered":"\n<p class=\"wp-block-paragraph\">Ensenada,\nBaja California.- Los Marineros de Ensenada revelaron su primera lista de\njugadores rumbo a la temporada 2019 de la Liga Norte de M\u00e9xico, misma que a\u00fan\nest\u00e1 por evaluarse para realizar los ajustes necesarios rumbo a la inauguraci\u00f3n\nprogramada el jueves.<\/p>\n\n\n\n<p class=\"wp-block-paragraph\">\u201cEn un 80 a\n90 por ciento ser\u00eda el roster con caras nuevas de j\u00f3venes que est\u00e1n trabajando\nduro y estuvieron a la altura ante un equipo como Toros de Tijuana, que ven\u00edan\nde roce de Grandes Ligas\u201d, dijo Pepe \u00c1guila en referencia al doble choque ante\nel equipo de Liga Mexicana.<\/p>\n\n\n\n<p class=\"wp-block-paragraph\">El gerente de Marineros precis\u00f3 que adem\u00e1s de los prospectos de Diablos Rojos y Guerreros est\u00e1 permitido el registro de seis extranjeros y tres mexicanos o mexico-americanos libres, siempre y cuando hayan participado en menos de 50 innings o 150 turnos al bat en Liga Mexicana.<\/p>\n\n\n\n<p class=\"wp-block-paragraph\">El lanzador\nvenezolano Gabriel Garc\u00eda y el campo corto de la misma nacionalidad \u00c9dgar\nDur\u00e1n, as\u00ed como su compatriota y relevista Luis Ram\u00edrez, son tres de los\nfor\u00e1neos m\u00e1s firmes dentro del roster.<\/p>\n\n\n\n<figure class=\"wp-block-image\"><img fetchpriority=\"high\" decoding=\"async\" width=\"800\" height=\"597\" src=\"http:\/\/agpnoticias.com\/news\/wp-content\/uploads\/2019\/04\/56340119_10157017186119847_4022089147303854080_o-1-e1554495825430.jpg\" alt=\"\" class=\"wp-image-2904088\"\/><figcaption>Luis Ram\u00edrez regresa despu\u00e9s de una temporada consistente en 2018<\/figcaption><\/figure>\n\n\n\n<p class=\"wp-block-paragraph\">\u201cNos falta\nun bateador de poder que acompa\u00f1e a Dur\u00e1n y los cuatro restantes ser\u00e1n\npitchers: dos relevistas y dos abridores\u201d, puntualiz\u00f3.<\/p>\n\n\n\n<p class=\"wp-block-paragraph\">En cuanto a\nlos jugadores de convenio, refiri\u00f3 que sigue la mayor parte de los prospectos\njuveniles pero han ido incorpor\u00e1ndose elementos con conocimiento de la Liga\nNorte de Sonora como Luis Rodr\u00edguez y los pitchers Ariel Gracia y Jonathan\nPartida, entre otros.<\/p>\n\n\n\n<p class=\"wp-block-paragraph\">\u201cHa llegado\ngente a cuenta gotas, gente que ya ha estado con nosotros, y esperamos a \u00c9dgar\nDur\u00e1n que salga el s\u00e1bado de Venezuela. Y hay otros elementos que est\u00e1n en\nDiablos y Guerreros d\u00e1ndole profundidad a sus rosters y podr\u00edan regresar en\nalg\u00fan momento\u201d, apunt\u00f3.<\/p>\n\n\n\n<p class=\"wp-block-paragraph\">Del talento\nlocal, destac\u00f3 la presencia de Pedro Arenas, ensenadense que llega libre\ndespu\u00e9s de salir de Toros de Tijuana.<\/p>\n\n\n\n<figure class=\"wp-block-image\"><img decoding=\"async\" width=\"800\" height=\"513\" src=\"http:\/\/agpnoticias.com\/news\/wp-content\/uploads\/2019\/04\/55765376_10157010084709847_1259834897145528320_o-e1554495900651.jpg\" alt=\"\" class=\"wp-image-2904087\"\/><figcaption>Pedro Arenas, jugador ensenadense, ex Toros de Tijuana<\/figcaption><\/figure>\n\n\n\n<p class=\"wp-block-paragraph\">\u201cTenemos a\nPedro Arenas, que no pertenece a la organizaci\u00f3n, pero est\u00e1 contemplado en el\nroster como alguien que nos d\u00e9 profundidad. No empezar\u00e1 de titular pero\nseguramente podr\u00e1 ganar un puesto para aspirar a volver a Liga Mexicana\u201d,\ncomplet\u00f3.<\/p>\n\n\n\n<p class=\"wp-block-paragraph\">A d\u00edas de la inauguraci\u00f3n, el jueves a las 19:00 horas en el deportivo Antonio Palacios ante Rojos de Caborca, dijo: \u201cEstamos animados, trabajando fuerte, comprometidos para obtener buenos resultados\u201d.<\/p>\n\n\n\n<figure class=\"wp-block-image\"><img decoding=\"async\" width=\"800\" height=\"600\" src=\"http:\/\/agpnoticias.com\/news\/wp-content\/uploads\/2019\/04\/56520081_10157025126009847_2864561986056749056_o-e1554496098124.jpg\" alt=\"\" class=\"wp-image-2904090\"\/><\/figure>\n\n\n\n<p class=\"wp-block-paragraph\"><strong>Marineros de Ensenada 2019<\/strong><\/p>\n\n\n\n<p class=\"wp-block-paragraph\"><strong>Catchers<\/strong><\/p>\n\n\n\n<p class=\"wp-block-paragraph\">Miguel Ojeda\n(Diablos Rojos)<\/p>\n\n\n\n<p class=\"wp-block-paragraph\">Samuel Favela\n(Oaxaca)<\/p>\n\n\n\n<p class=\"wp-block-paragraph\">Juan Camacho\n(Oaxaca)<\/p>\n\n\n\n<p class=\"wp-block-paragraph\"><strong>Infielders<\/strong><\/p>\n\n\n\n<p class=\"wp-block-paragraph\">Pedro Ordaz\n(Oaxaca)<\/p>\n\n\n\n<p class=\"wp-block-paragraph\">Alejandro\nRobles (Oaxaca)<\/p>\n\n\n\n<p class=\"wp-block-paragraph\">Luis Diego\nRodr\u00edguez (Oaxaca)<\/p>\n\n\n\n<p class=\"wp-block-paragraph\">Rigoberto\nTerrazas (Diablos Rojos)<\/p>\n\n\n\n<p class=\"wp-block-paragraph\">Javier\nS\u00e1nchez (Diablos Rojos)<\/p>\n\n\n\n<p class=\"wp-block-paragraph\">Christian\nVillegas (Diablos Rojos)<\/p>\n\n\n\n<p class=\"wp-block-paragraph\">Pedro Arenas (AA)<\/p>\n\n\n\n<p class=\"wp-block-paragraph\">\u00c9dgar Dur\u00e1n (AAA)<\/p>\n\n\n\n<p class=\"wp-block-paragraph\"><strong>Outfielders<\/strong><\/p>\n\n\n\n<p class=\"wp-block-paragraph\">Bryan Araiza\n(Diablos Rojos)<\/p>\n\n\n\n<p class=\"wp-block-paragraph\">Antonio\nCasta\u00f1eda (Diablos Rojos)<\/p>\n\n\n\n<p class=\"wp-block-paragraph\">Roberto\nCarlos M\u00e9ndez (Diablos Rojos)<\/p>\n\n\n\n<p class=\"wp-block-paragraph\">Carlos\nMungu\u00eda (Diablos Rojos)<\/p>\n\n\n\n<p class=\"wp-block-paragraph\">Rogelio\nCobos (Oaxaca)<\/p>\n\n\n\n<p class=\"wp-block-paragraph\">Raymundo\nTorres (Oaxaca)<\/p>\n\n\n\n<p class=\"wp-block-paragraph\"><strong>Pitchers<\/strong><\/p>\n\n\n\n<p class=\"wp-block-paragraph\">Gerardo\nGuti\u00e9rrez (Oaxaca)<\/p>\n\n\n\n<p class=\"wp-block-paragraph\">Roberto\nHern\u00e1ndez (Oaxaca)<\/p>\n\n\n\n<p class=\"wp-block-paragraph\">Dami\u00e1n Fuerte\n(Oaxaca)<\/p>\n\n\n\n<p class=\"wp-block-paragraph\">Jason\nCarmona (Diablos Rojos)<\/p>\n\n\n\n<p class=\"wp-block-paragraph\">Rub\u00e9n Navarro\n(Oaxaca)<\/p>\n\n\n\n<p class=\"wp-block-paragraph\">H\u00e9ctor Ayuso\n(Diablos Rojos)<\/p>\n\n\n\n<p class=\"wp-block-paragraph\">Emilio\nNavarro (Oaxaca)<\/p>\n\n\n\n<p class=\"wp-block-paragraph\">Jes\u00fas Yav\u00e9\nEstrada (Diablos Rojos)<\/p>\n\n\n\n<p class=\"wp-block-paragraph\">Esteban Rodr\u00edguez\n(Diablos Rojos)<\/p>\n\n\n\n<p class=\"wp-block-paragraph\">Esteban\nBloch (Diablos Rojos)<\/p>\n\n\n\n<p class=\"wp-block-paragraph\">Eduardo\nMolina (Diablos Rojos)<\/p>\n\n\n\n<p class=\"wp-block-paragraph\">Ariel Gracia\n(Oaxaca)<\/p>\n\n\n\n<p class=\"wp-block-paragraph\">Jonathan\nPartida (Oaxaca)<\/p>\n\n\n\n<p class=\"wp-block-paragraph\">Adolfo\nHern\u00e1ndez (Diablos Rojos)<\/p>\n\n\n\n<p class=\"wp-block-paragraph\">Ryan Flores (AA)<\/p>\n\n\n\n<p class=\"wp-block-paragraph\">Luis Ram\u00edrez (AAA)<\/p>\n\n\n\n<p class=\"wp-block-paragraph\">Marlon Arias (AAA)<\/p>\n\n\n\n<p class=\"wp-block-paragraph\">Wanel V\u00e1squez (AAA)<\/p>\n\n\n\n<p class=\"wp-block-paragraph\">Gabriel Garc\u00eda (AAA)<\/p>\n\n\n\n<p class=\"wp-block-paragraph\">Juan Pablo Gonz\u00e1lez (AAA)<\/p>\n\n\n\n<p class=\"wp-block-paragraph\"><strong>Cuerpo T\u00e9cnico<\/strong><\/p>\n\n\n\n<p class=\"wp-block-paragraph\">Manager:\nGer\u00f3nimo Gil<\/p>\n\n\n\n<p class=\"wp-block-paragraph\">Coach: Ram\u00f3n\nEsquer<\/p>\n\n\n\n<p class=\"wp-block-paragraph\">Coach:\nJavier Cruz <\/p>\n\n\n\n<p class=\"wp-block-paragraph\">Coach:\nSergio Inzunza<\/p>\n\n\n\n<p class=\"wp-block-paragraph\">Trainer: Ali\nDom\u00ednguez<\/p>\n\n\n\n<p class=\"wp-block-paragraph\">Trainer:\nAlejandro Arenas<\/p>\n\n\n\n<p class=\"wp-block-paragraph\">Batboy: Juan\nFlores<\/p>\n\n\n\n<p class=\"wp-block-paragraph\"><em>*AAA: Extranjeros<\/em><\/p>\n\n\n\n<p class=\"wp-block-paragraph\"><em>*AA: Mexicano o M\u00e9xico-Americano sin superar 50 innings o 150 turnos\nal bat en LMB.<\/em><\/p>\n","protected":false},"excerpt":{"rendered":"<p>Ensenada, Baja California.- Los Marineros de Ensenada revelaron su primera lista de jugadores rumbo a&#8230;<\/p>\n","protected":false},"author":1,"featured_media":2904089,"comment_status":"open","ping_status":"closed","sticky":false,"template":"","format":"standard","meta":{"footnotes":""},"categories":[18],"tags":[888],"class_list":["post-2904086","post","type-post","status-publish","format-standard","has-post-thumbnail","hentry","category-marineros-de-ensenada","tag-destacado2"],"_links":{"self":[{"href":"https:\/\/agpnoticias.com\/news\/wp-json\/wp\/v2\/posts\/2904086","targetHints":{"allow":["GET"]}}],"collection":[{"href":"https:\/\/agpnoticias.com\/news\/wp-json\/wp\/v2\/posts"}],"about":[{"href":"https:\/\/agpnoticias.com\/news\/wp-json\/wp\/v2\/types\/post"}],"author":[{"embeddable":true,"href":"https:\/\/agpnoticias.com\/news\/wp-json\/wp\/v2\/users\/1"}],"replies":[{"embeddable":true,"href":"https:\/\/agpnoticias.com\/news\/wp-json\/wp\/v2\/comments?post=2904086"}],"version-history":[{"count":5,"href":"https:\/\/agpnoticias.com\/news\/wp-json\/wp\/v2\/posts\/2904086\/revisions"}],"predecessor-version":[{"id":2904104,"href":"https:\/\/agpnoticias.com\/news\/wp-json\/wp\/v2\/posts\/2904086\/revisions\/2904104"}],"wp:featuredmedia":[{"embeddable":true,"href":"https:\/\/agpnoticias.com\/news\/wp-json\/wp\/v2\/media\/2904089"}],"wp:attachment":[{"href":"https:\/\/agpnoticias.com\/news\/wp-json\/wp\/v2\/media?parent=2904086"}],"wp:term":[{"taxonomy":"category","embeddable":true,"href":"https:\/\/agpnoticias.com\/news\/wp-json\/wp\/v2\/categories?post=2904086"},{"taxonomy":"post_tag","embeddable":true,"href":"https:\/\/agpnoticias.com\/news\/wp-json\/wp\/v2\/tags?post=2904086"}],"curies":[{"name":"wp","href":"https:\/\/api.w.org\/{rel}","templated":true}]}}