{"id":2904130,"date":"2019-04-06T00:20:36","date_gmt":"2019-04-06T07:20:36","guid":{"rendered":"http:\/\/agpnoticias.com\/news\/?p=2904130"},"modified":"2019-04-06T00:23:36","modified_gmt":"2019-04-06T07:23:36","slug":"toros-inicia-temporada-con-blanqueada-sobre-generales","status":"publish","type":"post","link":"https:\/\/agpnoticias.com\/news\/toros-inicia-temporada-con-blanqueada-sobre-generales\/","title":{"rendered":"Toros inicia temporada con blanqueada sobre Generales"},"content":{"rendered":"\n<p class=\"wp-block-paragraph\">Tijuana, Baja California (TorosDeTijuana.com-Armando Esquivel).- Los Toros de Tijuana le dieron el toque final a la espectacular fiesta inaugural, al arrancar la temporada 2019 de la Liga Mexicana de Beisbol (LMB) con una victoria de 2-0 sobre Generales de Durango en el estadio Chevron.<\/p>\n\n\n\n<p class=\"wp-block-paragraph\">Ra\u00fal Vald\u00e9s correspondi\u00f3 al honor de abrir el primer duelo de la campa\u00f1a, al dominar con cinco entradas y dos tercios sin carrera, para dejar el juego en manos del poderoso bullpen que mantuvo apagada a la ofensiva de Generales y sell\u00f3 la blanqueada 43 en la historia del club.<\/p>\n\n\n\n<p class=\"wp-block-paragraph\">Las \u00fanicas carreras del encuentro cruzaron por el pent\u00e1gono en la misma primera entrada, cuando Junior Lake recibi\u00f3 pasaporte con cuenta llena y anot\u00f3 con un imparable de Dariel \u00c1lvarez que el jardinero central, Kenny Wilson, no pudo controlar en un grave error. En la jugada, \u00c1lvarez se fue hasta la tercera almohadilla y marc\u00f3 el 2-0 con \u201cwild pitch\u201d de Tiago da Silva.<\/p>\n\n\n\n<p class=\"wp-block-paragraph\">Fue todo el movimiento que registr\u00f3 el pizarr\u00f3n y los Toros de Tijuana sumaron siete hits con par de ellos para Jes\u00fas \u201cCacao\u201d Valdez y dos m\u00e1s de Dariel \u00c1lvarez.<\/p>\n\n\n\n<figure class=\"wp-block-image\"><img fetchpriority=\"high\" decoding=\"async\" width=\"800\" height=\"533\" src=\"http:\/\/agpnoticias.com\/news\/wp-content\/uploads\/2019\/04\/FOTODIEGOPEREZ\u00a9_47-e1554535133359.jpg\" alt=\"\" class=\"wp-image-2904133\"\/><\/figure>\n\n\n\n<p class=\"wp-block-paragraph\"><strong>EN LA LOMITA<\/strong><\/p>\n\n\n\n<p class=\"wp-block-paragraph\">Los Toros de Tijuana mostraron su musculatura en la lomita con magistral actuaci\u00f3n de Ra\u00fal Vald\u00e9s, quien se acredit\u00f3 la victoria en cinco entradas y dos tercios de dominio absoluto, con apenas tres hits sin carrera, dos bases por bolas y siete ponches. En su carrera, el zurdo le ha recetado 24 chocolates a Generales en tres enfrentamientos.<\/p>\n\n\n\n<p class=\"wp-block-paragraph\">En relevo trabajaron Jes\u00fas Pirela para retirar el \u00faltimo tercio de la sexta tanda, Jake&nbsp;S\u00e1nchez en orden la s\u00e9ptima, Rafael \u201cJumbo\u201d D\u00edaz la octava sin novedad y Jason Urqu\u00eddez volvi\u00f3 a casa para registrar su primer salvamento de la campa\u00f1a y el 63 en su paso con Toros de Tijuana.<\/p>\n\n\n\n<p class=\"wp-block-paragraph\">La derrota fue al r\u00e9cord del diestro brasile\u00f1o Tiago da Silva en seis cap\u00edtulos de dos carreras, una de ellas limpia, cinco imparables, cinco ponches y un pasaporte. Fue v\u00edctima de un groso error que le abri\u00f3 la puerta a las dos carreras fronterizas en el primer acto, pero tambi\u00e9n su defensa le evit\u00f3 m\u00e1s da\u00f1o en el tercer episodio, cuando el tijuanense Daniel N\u00fa\u00f1ez le rob\u00f3 un doblete productor a su paisano Ricky \u00c1lvarez.<\/p>\n\n\n\n<p class=\"wp-block-paragraph\">Relevaron a Da Silva el derecho Isaac Jim\u00e9nez, Edgar Mart\u00ednez y Oswaldo Mart\u00ednez..<\/p>\n\n\n\n<figure class=\"wp-block-image\"><img decoding=\"async\" width=\"800\" height=\"547\" src=\"http:\/\/agpnoticias.com\/news\/wp-content\/uploads\/2019\/04\/FOTODIEGOPEREZ\u00a9_44-e1554535177946.jpg\" alt=\"\" class=\"wp-image-2904132\"\/><\/figure>\n\n\n\n<p class=\"wp-block-paragraph\"><strong>REANUDAN SERIE<\/strong><\/p>\n\n\n\n<p class=\"wp-block-paragraph\">Los Toros de Tijuana buscar\u00e1n asegurar la serie&nbsp;ma\u00f1ana&nbsp;cuando se vuelvan a ver las caras con Generales de Durango a partir de las 19::05 horas en el estadio Chevr\u00f3n.<\/p>\n\n\n\n<p class=\"wp-block-paragraph\">Los lanzadores anunciados para este segundo duelo de la temporada son el zurdo Carlos Hern\u00e1ndez por los anfitriones y el cubano Jorge Mart\u00ednez por la \u201ctropa\u201d.<\/p>\n","protected":false},"excerpt":{"rendered":"<p>Tijuana, Baja California (TorosDeTijuana.com-Armando Esquivel).- Los Toros de Tijuana le dieron el toque final a&#8230;<\/p>\n","protected":false},"author":1,"featured_media":2904131,"comment_status":"open","ping_status":"closed","sticky":false,"template":"","format":"standard","meta":{"footnotes":""},"categories":[159],"tags":[595],"class_list":["post-2904130","post","type-post","status-publish","format-standard","has-post-thumbnail","hentry","category-toros-de-tijuana","tag-destacado"],"_links":{"self":[{"href":"https:\/\/agpnoticias.com\/news\/wp-json\/wp\/v2\/posts\/2904130","targetHints":{"allow":["GET"]}}],"collection":[{"href":"https:\/\/agpnoticias.com\/news\/wp-json\/wp\/v2\/posts"}],"about":[{"href":"https:\/\/agpnoticias.com\/news\/wp-json\/wp\/v2\/types\/post"}],"author":[{"embeddable":true,"href":"https:\/\/agpnoticias.com\/news\/wp-json\/wp\/v2\/users\/1"}],"replies":[{"embeddable":true,"href":"https:\/\/agpnoticias.com\/news\/wp-json\/wp\/v2\/comments?post=2904130"}],"version-history":[{"count":2,"href":"https:\/\/agpnoticias.com\/news\/wp-json\/wp\/v2\/posts\/2904130\/revisions"}],"predecessor-version":[{"id":2904135,"href":"https:\/\/agpnoticias.com\/news\/wp-json\/wp\/v2\/posts\/2904130\/revisions\/2904135"}],"wp:featuredmedia":[{"embeddable":true,"href":"https:\/\/agpnoticias.com\/news\/wp-json\/wp\/v2\/media\/2904131"}],"wp:attachment":[{"href":"https:\/\/agpnoticias.com\/news\/wp-json\/wp\/v2\/media?parent=2904130"}],"wp:term":[{"taxonomy":"category","embeddable":true,"href":"https:\/\/agpnoticias.com\/news\/wp-json\/wp\/v2\/categories?post=2904130"},{"taxonomy":"post_tag","embeddable":true,"href":"https:\/\/agpnoticias.com\/news\/wp-json\/wp\/v2\/tags?post=2904130"}],"curies":[{"name":"wp","href":"https:\/\/api.w.org\/{rel}","templated":true}]}}