{"id":2904211,"date":"2019-04-09T13:42:58","date_gmt":"2019-04-09T20:42:58","guid":{"rendered":"http:\/\/agpnoticias.com\/news\/?p=2904211"},"modified":"2019-04-10T18:46:27","modified_gmt":"2019-04-11T01:46:27","slug":"paseo-ciclista-rosarito-ensenada-festejara-40-aniversario","status":"publish","type":"post","link":"https:\/\/agpnoticias.com\/news\/paseo-ciclista-rosarito-ensenada-festejara-40-aniversario\/","title":{"rendered":"Paseo Ciclista Rosarito-Ensenada festejar\u00e1 40 aniversario"},"content":{"rendered":"\n<p class=\"wp-block-paragraph\">Ensenada,\nBaja California.- El s\u00e1bado 4 de mayo se festejar\u00e1 el aniversario 40 del Paseo\nCiclista Rosarito-Ensenada, el de mayores dimensiones en su tipo a nivel\nnacional.<\/p>\n\n\n\n<p class=\"wp-block-paragraph\">Ana Mar\u00eda\nCastro, representante de la empresa Rosarito-Ensenada, inform\u00f3 en rueda de\nprensa que en esta edici\u00f3n son esperados 7 mil ciclistas, el 70 por ciento de\nla regi\u00f3n, as\u00ed como un aumento en la visita de ciclistas norteamericanos, que\nen un inicio ocupaban la mayor parte de los registros.<\/p>\n\n\n\n<p class=\"wp-block-paragraph\">Son 80\nkil\u00f3metros desde el punto de salida, el Hotel Rosarito Beach a las 10:00 horas,\nhasta la meta ubicada en Cearte del bulevar costero en Ensenada.<\/p>\n\n\n\n<figure class=\"wp-block-image\"><img fetchpriority=\"high\" decoding=\"async\" width=\"600\" height=\"450\" src=\"http:\/\/agpnoticias.com\/news\/wp-content\/uploads\/2019\/04\/WhatsApp-Image-2019-04-09-at-1.41.40-PM-e1554842563531.jpeg\" alt=\"\" class=\"wp-image-2904215\"\/><\/figure>\n\n\n\n<p class=\"wp-block-paragraph\">El tiempo\nestimado, indic\u00f3, es de cuatro horas, con la mejor cifra establecida el 21 de\nabril de 2007 por Peter Andersen de San Diego, con 1:52:54.<\/p>\n\n\n\n<p class=\"wp-block-paragraph\">Para quienes\nno terminen el recorrido habr\u00e1 servicio de barredora.<\/p>\n\n\n\n<p class=\"wp-block-paragraph\">Las\ninscripciones est\u00e1n a disposici\u00f3n de los interesados en <a href=\"http:\/\/www.rosaritoensenada.com\">www.rosaritoensenada.com<\/a>.<\/p>\n\n\n\n<p class=\"wp-block-paragraph\">Junto a Ana\nMar\u00eda Castro estuvieron autoridades de tr\u00e1nsito y protecci\u00f3n civil, quienes\ngarantizaron las medidas de seguridad del evento.<\/p>\n","protected":false},"excerpt":{"rendered":"<p>Ensenada, Baja California.- El s\u00e1bado 4 de mayo se festejar\u00e1 el aniversario 40 del Paseo&#8230;<\/p>\n","protected":false},"author":1,"featured_media":2904213,"comment_status":"open","ping_status":"closed","sticky":false,"template":"","format":"standard","meta":{"footnotes":""},"categories":[692],"tags":[888],"class_list":["post-2904211","post","type-post","status-publish","format-standard","has-post-thumbnail","hentry","category-ciclismo","tag-destacado2"],"_links":{"self":[{"href":"https:\/\/agpnoticias.com\/news\/wp-json\/wp\/v2\/posts\/2904211","targetHints":{"allow":["GET"]}}],"collection":[{"href":"https:\/\/agpnoticias.com\/news\/wp-json\/wp\/v2\/posts"}],"about":[{"href":"https:\/\/agpnoticias.com\/news\/wp-json\/wp\/v2\/types\/post"}],"author":[{"embeddable":true,"href":"https:\/\/agpnoticias.com\/news\/wp-json\/wp\/v2\/users\/1"}],"replies":[{"embeddable":true,"href":"https:\/\/agpnoticias.com\/news\/wp-json\/wp\/v2\/comments?post=2904211"}],"version-history":[{"count":2,"href":"https:\/\/agpnoticias.com\/news\/wp-json\/wp\/v2\/posts\/2904211\/revisions"}],"predecessor-version":[{"id":2904216,"href":"https:\/\/agpnoticias.com\/news\/wp-json\/wp\/v2\/posts\/2904211\/revisions\/2904216"}],"wp:featuredmedia":[{"embeddable":true,"href":"https:\/\/agpnoticias.com\/news\/wp-json\/wp\/v2\/media\/2904213"}],"wp:attachment":[{"href":"https:\/\/agpnoticias.com\/news\/wp-json\/wp\/v2\/media?parent=2904211"}],"wp:term":[{"taxonomy":"category","embeddable":true,"href":"https:\/\/agpnoticias.com\/news\/wp-json\/wp\/v2\/categories?post=2904211"},{"taxonomy":"post_tag","embeddable":true,"href":"https:\/\/agpnoticias.com\/news\/wp-json\/wp\/v2\/tags?post=2904211"}],"curies":[{"name":"wp","href":"https:\/\/api.w.org\/{rel}","templated":true}]}}