{"id":2904217,"date":"2019-04-09T17:32:58","date_gmt":"2019-04-10T00:32:58","guid":{"rendered":"http:\/\/agpnoticias.com\/news\/?p=2904217"},"modified":"2019-04-11T14:05:01","modified_gmt":"2019-04-11T21:05:01","slug":"cetys-ensenada-por-medallas-al-nacional-de-atletismo-conadeip","status":"publish","type":"post","link":"https:\/\/agpnoticias.com\/news\/cetys-ensenada-por-medallas-al-nacional-de-atletismo-conadeip\/","title":{"rendered":"CETYS Ensenada por medallas al Nacional de Atletismo CONADEIP"},"content":{"rendered":"\n<p class=\"wp-block-paragraph\">Ensenada,\nBaja California.- CETYS Universidad Campus Internacional Ensenada contar\u00e1 con\n12 representantes en el Campeonato Nacional de Atletismo Conadeip programado\ndel 12 al 14 de abril en Quer\u00e9taro, Quer\u00e9taro.<\/p>\n\n\n\n<p class=\"wp-block-paragraph\">Todos se\npresentaron este d\u00eda para recibir sus uniformes antes de viajar por la noche en\nbusca de ocho a diez medallas, de acuerdo a la proyecci\u00f3n establecida por la\nentrenadora Zinnia Garayzar.<\/p>\n\n\n\n<p class=\"wp-block-paragraph\">En\nparticular, la responsable del programa de atletismo mencion\u00f3 las posibilidades\nde oro para Antonio G\u00f3mez Osuna, quien ya alcanz\u00f3 medalla en el nacional del\na\u00f1o pasado, mientras que Aixa Andrea Mart\u00ednez tratar\u00e1 de establecer r\u00e9cord en\nheptatl\u00f3n y por consecuencia su oro.<\/p>\n\n\n\n<p class=\"wp-block-paragraph\">El a\u00f1o\npasado, CETYS Ensenada fue representado por nueve atletas que consiguieron\ncinco medallas, una m\u00e1s de las cuatro que se pronosticaron en un inicio.<\/p>\n\n\n\n<figure class=\"wp-block-image\"><img fetchpriority=\"high\" decoding=\"async\" width=\"720\" height=\"702\" src=\"http:\/\/agpnoticias.com\/news\/wp-content\/uploads\/2019\/04\/WhatsApp-Image-2019-04-09-at-5.26.49-PM.jpeg\" alt=\"\" class=\"wp-image-2904218\"\/><\/figure>\n\n\n\n<p class=\"wp-block-paragraph\">El resto de\nlos competidores, agreg\u00f3 la tambi\u00e9n titular del equipo Halcones, tienes\naspiraciones de podio, incluso en las pruebas 4&#215;400, sobre la pista del\nTecnol\u00f3gico de Monterrey campus Quer\u00e9taro.<\/p>\n\n\n\n<p class=\"wp-block-paragraph\">\u201cEs una de\nlas competencias m\u00e1s importantes del a\u00f1o, adem\u00e1s de que de esta manera los\nestudiantes refrendan sus becas deportivas\u201d, puntualiz\u00f3.<\/p>\n\n\n\n<p class=\"wp-block-paragraph\">Durante la\nentrega de uniformes tambi\u00e9n estuvieron Luis Batista y Alejandro Ortiz,\ndirector de asuntos estudiantiles y coordinador deportivo, respectivamente.<\/p>\n\n\n\n<figure class=\"wp-block-image\"><img decoding=\"async\" width=\"720\" height=\"701\" src=\"http:\/\/agpnoticias.com\/news\/wp-content\/uploads\/2019\/04\/WhatsApp-Image-2019-04-09-at-5.26.55-PM.jpeg\" alt=\"\" class=\"wp-image-2904219\"\/><\/figure>\n\n\n\n<p class=\"wp-block-paragraph\"><strong>CETYS<\/strong><\/p>\n\n\n\n<p class=\"wp-block-paragraph\">Antonio\nG\u00f3mez Osuna (Salto de longitud, salto de altura, garrocha, 4&#215;400)<\/p>\n\n\n\n<p class=\"wp-block-paragraph\">Sebasti\u00e1n\nL\u00f3pez Carl\u00f3n (Salto con garrocha)<\/p>\n\n\n\n<p class=\"wp-block-paragraph\">Fernando\nDurazo Bejarano (Decatl\u00f3n, 4&#215;400 c\/v, 4&#215;400)<\/p>\n\n\n\n<p class=\"wp-block-paragraph\">Jos\u00e9 Miguel\nSantos Maciel (Jabalina)<\/p>\n\n\n\n<p class=\"wp-block-paragraph\">Gabriel\nFlores Grajeda (200 metros, 400 metros)<\/p>\n\n\n\n<p class=\"wp-block-paragraph\">Adri\u00e1n\nMontes Jim\u00e9nez (110 metros c\/v, 400 metros c\/v, 4&#215;400)<\/p>\n\n\n\n<p class=\"wp-block-paragraph\">Melissa\nGonz\u00e1lez Alc\u00e1ntar (100 metros, 200 metros)<\/p>\n\n\n\n<p class=\"wp-block-paragraph\">Sof\u00eda\nAlejandra Lira Cu\u00e9llar (800 metros, 1500 metros, 4&#215;400)<\/p>\n\n\n\n<p class=\"wp-block-paragraph\">Yamilet Montoya\nDelgado (Lanzamiento de jabalina)<\/p>\n\n\n\n<p class=\"wp-block-paragraph\">Ashley\nCorina Fern\u00e1ndez S\u00e1nchez (400 metros, 4&#215;400)<\/p>\n\n\n\n<p class=\"wp-block-paragraph\">Natalia\nMart\u00ednez Monta\u00f1o (200 metros, 400 metros, 4&#215;400)<\/p>\n\n\n\n<p class=\"wp-block-paragraph\">Aixa Andrea\nMart\u00ednez Esparza (Heptatl\u00f3n, 4&#215;400)<\/p>\n\n\n\n<p class=\"wp-block-paragraph\">Entrenadora:\nZinnia Garayzar<\/p>\n","protected":false},"excerpt":{"rendered":"<p>Ensenada, Baja California.- CETYS Universidad Campus Internacional Ensenada contar\u00e1 con 12 representantes en el Campeonato&#8230;<\/p>\n","protected":false},"author":1,"featured_media":2904220,"comment_status":"open","ping_status":"closed","sticky":false,"template":"","format":"standard","meta":{"footnotes":""},"categories":[879,704],"tags":[888],"class_list":["post-2904217","post","type-post","status-publish","format-standard","has-post-thumbnail","hentry","category-cetys-universidad","category-deporte-estudiantil","tag-destacado2"],"_links":{"self":[{"href":"https:\/\/agpnoticias.com\/news\/wp-json\/wp\/v2\/posts\/2904217","targetHints":{"allow":["GET"]}}],"collection":[{"href":"https:\/\/agpnoticias.com\/news\/wp-json\/wp\/v2\/posts"}],"about":[{"href":"https:\/\/agpnoticias.com\/news\/wp-json\/wp\/v2\/types\/post"}],"author":[{"embeddable":true,"href":"https:\/\/agpnoticias.com\/news\/wp-json\/wp\/v2\/users\/1"}],"replies":[{"embeddable":true,"href":"https:\/\/agpnoticias.com\/news\/wp-json\/wp\/v2\/comments?post=2904217"}],"version-history":[{"count":2,"href":"https:\/\/agpnoticias.com\/news\/wp-json\/wp\/v2\/posts\/2904217\/revisions"}],"predecessor-version":[{"id":2904222,"href":"https:\/\/agpnoticias.com\/news\/wp-json\/wp\/v2\/posts\/2904217\/revisions\/2904222"}],"wp:featuredmedia":[{"embeddable":true,"href":"https:\/\/agpnoticias.com\/news\/wp-json\/wp\/v2\/media\/2904220"}],"wp:attachment":[{"href":"https:\/\/agpnoticias.com\/news\/wp-json\/wp\/v2\/media?parent=2904217"}],"wp:term":[{"taxonomy":"category","embeddable":true,"href":"https:\/\/agpnoticias.com\/news\/wp-json\/wp\/v2\/categories?post=2904217"},{"taxonomy":"post_tag","embeddable":true,"href":"https:\/\/agpnoticias.com\/news\/wp-json\/wp\/v2\/tags?post=2904217"}],"curies":[{"name":"wp","href":"https:\/\/api.w.org\/{rel}","templated":true}]}}