{"id":2905617,"date":"2019-05-26T11:41:02","date_gmt":"2019-05-26T18:41:02","guid":{"rendered":"http:\/\/agpnoticias.com\/news\/?p=2905617"},"modified":"2019-05-26T11:41:13","modified_gmt":"2019-05-26T18:41:13","slug":"hagamos-todos-el-cambio-hagamos-historia-en-bc-bonilla","status":"publish","type":"post","link":"https:\/\/agpnoticias.com\/news\/hagamos-todos-el-cambio-hagamos-historia-en-bc-bonilla\/","title":{"rendered":"\u201cHagamos todos el cambio, hagamos historia en BC\u201d: Bonilla"},"content":{"rendered":"\n<p class=\"wp-block-paragraph\">\n\nENSENADA, B. C.- Categ\u00f3ricamente, el candidato a la gubernatura Jaime Bonilla Valdez, por la coalici\u00f3n \u201cJuntos Haremos Historia en Baja California\u201d, pronostic\u00f3 que \u201cEnsenada se pintara de Morena\u201d para emitir su \u201cvoto parejo\u201d y elegir a gobernador, alcalde y diputados de la alianza conformada por MORENA, PT, PVEM y Transformemos.<br>Congregados en el extenso Parque Revoluci\u00f3n, ubicado en calle Sexta de la Zona Centro en esta ciudad, m\u00e1s de cinco mil militantes y simpatizantes de los partidos en alianza, vitorearon a los candidatos para la gubernatura, Jaime Bonilla Valdez; alcald\u00eda, Armando Ayala Robles; diputaciones Rosina del Villar, Claudia Agat\u00f3n y Miriam Cano.<br>Con ellos, el delegado nacional en funciones de presidente estatal de Morena, Leonel Godoy Rangel, quien dirigi\u00f3 su discurso a los presentes, para hacerles un llamado de unidad y que emitan un \u201cvoto uniforme\u201d o \u201cvoto parejo\u201d. \u201cEstamos seguros de que votar\u00e1n por nuestros candidatos Jaime Bonilla Valdez, para gobernador; y, Armando Ayala, para alcalde de Ensenada, como tambi\u00e9n por las candidatos a diputadas postuladas por nuestra coalici\u00f3n\u201d.<br>Cada una de las candidatas hizo uso de la palabra para alentar a la militancia y simpatizantes a prepararse para acudir a las urnas el pr\u00f3ximo domingo 2 de junio y hacer realidad la transformaci\u00f3n de Ensenada y de Baja California, como lo han expresado durante la campa\u00f1a que concluye el pr\u00f3ximo dia 29 de mayo en curso.<br>Armando Ayala, candidato a la Alcald\u00eda ensenadense, pronunci\u00f3 un mensaje de profundo contenido social, al comentarles: \u201c\u2026 nos toc\u00f3 picar piedra y construir la elecci\u00f3n del 2018, &nbsp;y seguimos viendo un gran entusiasmo de la gente. Gracias a esa votaci\u00f3n fuimos considerados en la zona libre. Un reconocimiento y celebro la abrogaci\u00f3n de la reforma educativa. Hoy las encuestas estamos arriba del 70% en Ensenada\u201d,<br>Confi\u00f3 en que, cuando se convierta en alcalde, \u201cnos van apoyar las futuras diputadas que van a legislar por beneficio de Ensenada. Mi plan son 86 acciones, servicios p\u00fablicos, bacheo para que no haya m\u00e1s calles llenas de hoyos, vamos por calles dignas.&nbsp; La basura, mejor recolecci\u00f3n y calles iluminadas\u201d.&nbsp;<br>Les habl\u00f3 tambi\u00e9n de su visi\u00f3n para gobernar este municipio: \u201cComo su presidente municipal, tengan la confianza de que estar\u00e9 presente en las mesas de la construcci\u00f3n de la paz y la seguridad con las polic\u00edas y la Guardia Nacional. No m\u00e1s una Ensenada insegura\u201d.<br>Adem\u00e1s se comprometi\u00f3 a detonar el desarrollo econ\u00f3mico y pesquero de Ensenada, con los programas federales y estatales para apoyar a ganaderos y agricultores. \u201cVamos hacer honor como la capital del vino. Apoyaremos a los m\u00e1s &nbsp;vulnerables. Vamos a apoyar j\u00f3venes, ni\u00f1os, ancianos mujeres&#8230; vamos a emplear a muchos j\u00f3venes y vamos a impulsar el deporte\u201d.&nbsp;<br>Dijo que ser\u00e1 gestor permanente de obras importantes y pondr\u00e1 en marcha un plan estrat\u00e9gico para el desarrollo econ\u00f3mico. \u201cVamos a trabajar en la modernizaci\u00f3n de la carretera Transpeninsular, incluido el \u00b4tramo de la muerte\u00b4, que tantas vidas ha costado\u201d.<br>Enfatiz\u00f3 en su proyecto de crear el bosque de la ciudad, para lo cual volte\u00f3 a ver al candidato a gobernador Bonilla Valdez, en busca de su expresi\u00f3n de apoyo, \u201csi me voltea a ver es que vamos a contar con el respaldo del Gobierno del Estado, cuando \u00e9l sea quien est\u00e9 al frente, y de eso estamos seguros con sus votos el 2 de junio\u201d.<br>Agradeci\u00f3 el gran apoyo que ha recibido de muchos sectores que se han sumado a su candidatura y las de otros postulados por \u201cJuntos Haremos Historia en Baja California\u201d. Mencion\u00f3 a transportistas, jornaleros, maestros, pescadores, comerciantes. \u201cTodos anhelan el cambio; se trata de hacer un cambio de propuestas y de actitudes, es un compromiso de todos\u201d.<br>Enseguida intervino tambi\u00e9n Fidel S\u00e1nchez, representante de los pueblos originarios en esta regi\u00f3n, quien plante\u00f3 la posibilidad de que sea creada en la estructura del Gobierno del Estado, la Secretar\u00eda de Pueblos Aut\u00f3ctonos Originarios de Baja California.<br>En su momento, el candidato a la gubernatura Jaime Bonilla Valdez, pronunci\u00f3 un emotivo mensaje de esperanza para Ensenada y sus habitantes, hasta de los lugares m\u00e1s remotos a los que ha ido, en sus 12 recorridos por el extenso territorio de nuestra entidad, pidiendo el voto de los bajacalifornianos.<br>\u201cHe podido confirmar que hay una gran esperanza por el cambio de r\u00e9gimen en Baja California. En particular Ensenada, es una ciudad simb\u00f3lica en la historia de Baja California y, espero que no se me enojen los habitantes de otros municipios, pero\u2026 es la ciudad m\u00e1s bonita del Estado\u201d, coment\u00f3 y provoc\u00f3 aplausos de los asistentes.<br>Narr\u00f3 el abanderado de la alianza conformada por MORENA, PT, PVEM y Transformemos, de sus experiencias en la anterior campa\u00f1a y la de esta. \u201cNo entend\u00edamos porqu\u00e9 el enorme rezago y abandono en el que se encuentran muchas familias pobres en lugares muy alejados, hasta que sacamos la conclusi\u00f3n de que es por la gran corrupci\u00f3n de los gobernantes insensibles\u201d.<br>\u201cPor eso ahora, les digo de frente y sin rodeos, tenemos que aprender de nuestra sociedad, los ricos se atienden solos, tendremos un gran compromiso para los abandonados. No m\u00e1s ni\u00f1os sin desayunos calientes, todos los d\u00edas, cuando vayan a las escuelas primarias\u201d.<br>Reiter\u00f3 a los presentes su compromiso de hacer un gobierno honesto, eficiente y transparente, \u201cporque ya estamos cansados los bajacalifornianos de tener un gobernador ausente, en todos sentidos, aparte de bandido. No solo lo vamos enjuiciar.&nbsp; Le vamos a quitar las propiedades mal habidas, ni el presidente lo va salvar\u201d.<br>En cuanto a medidas para proteger la econom\u00eda familiar, dijo Bonilla Valdez que la expedici\u00f3n de licencias de manejar \u201cnunca m\u00e1s van a pagar por otra, ser\u00e1 vitalicia\u201d y el \u201creplaque\u00f3\u201d ser\u00e1 solamente con una calcoman\u00eda, no habr\u00e1 cambio de placas (l\u00e1minas). \u201cLo hacen por recaudar. Pero eso se acab\u00f3. No m\u00e1s replaqueo en la historia de Baja California. Se acab\u00f3 el negocio del gobernador de millones de pesos mensuales\u201d.<br>Al concluir su discurso, refrend\u00f3 el gran compromiso que ha establecido con los bajacalifornianos en general y los ensenadenses en particular. \u201cUstedes nos dan su voto y nosotros vamos a darles un gobierno que los atienda, con honestidad y eficiencia. Eso lo vamos a hacer con su voto el 2 de junio pr\u00f3ximo\u201d.\n\n<\/p>\n","protected":false},"excerpt":{"rendered":"<p>ENSENADA, B. C.- Categ\u00f3ricamente, el candidato a la gubernatura Jaime Bonilla Valdez, por la coalici\u00f3n&#8230;<\/p>\n","protected":false},"author":1,"featured_media":2905618,"comment_status":"open","ping_status":"closed","sticky":false,"template":"","format":"standard","meta":{"footnotes":""},"categories":[1],"tags":[888],"class_list":["post-2905617","post","type-post","status-publish","format-standard","has-post-thumbnail","hentry","category-uncategorized","tag-destacado2"],"_links":{"self":[{"href":"https:\/\/agpnoticias.com\/news\/wp-json\/wp\/v2\/posts\/2905617","targetHints":{"allow":["GET"]}}],"collection":[{"href":"https:\/\/agpnoticias.com\/news\/wp-json\/wp\/v2\/posts"}],"about":[{"href":"https:\/\/agpnoticias.com\/news\/wp-json\/wp\/v2\/types\/post"}],"author":[{"embeddable":true,"href":"https:\/\/agpnoticias.com\/news\/wp-json\/wp\/v2\/users\/1"}],"replies":[{"embeddable":true,"href":"https:\/\/agpnoticias.com\/news\/wp-json\/wp\/v2\/comments?post=2905617"}],"version-history":[{"count":1,"href":"https:\/\/agpnoticias.com\/news\/wp-json\/wp\/v2\/posts\/2905617\/revisions"}],"predecessor-version":[{"id":2905619,"href":"https:\/\/agpnoticias.com\/news\/wp-json\/wp\/v2\/posts\/2905617\/revisions\/2905619"}],"wp:featuredmedia":[{"embeddable":true,"href":"https:\/\/agpnoticias.com\/news\/wp-json\/wp\/v2\/media\/2905618"}],"wp:attachment":[{"href":"https:\/\/agpnoticias.com\/news\/wp-json\/wp\/v2\/media?parent=2905617"}],"wp:term":[{"taxonomy":"category","embeddable":true,"href":"https:\/\/agpnoticias.com\/news\/wp-json\/wp\/v2\/categories?post=2905617"},{"taxonomy":"post_tag","embeddable":true,"href":"https:\/\/agpnoticias.com\/news\/wp-json\/wp\/v2\/tags?post=2905617"}],"curies":[{"name":"wp","href":"https:\/\/api.w.org\/{rel}","templated":true}]}}