{"id":2905662,"date":"2019-05-27T12:53:36","date_gmt":"2019-05-27T19:53:36","guid":{"rendered":"http:\/\/agpnoticias.com\/news\/?p=2905662"},"modified":"2019-05-28T19:06:19","modified_gmt":"2019-05-29T02:06:19","slug":"cetys-reconoce-a-sus-campeones-y-medallistas","status":"publish","type":"post","link":"https:\/\/agpnoticias.com\/news\/cetys-reconoce-a-sus-campeones-y-medallistas\/","title":{"rendered":"CETYS reconoce a sus campeones y medallistas"},"content":{"rendered":"\n<p class=\"wp-block-paragraph\">Ensenada,\nBaja California.- Los campeones estatales de baloncesto, las campeonas\nmunicipales de la misma disciplina, as\u00ed como los medallistas en el nacional de\natletismo Conadeip, fueron reconocidos en la \u00faltima ceremonia c\u00edvica del actual\nsemestre en CETYS Universidad Campus Internacional Ensenada.<\/p>\n\n\n\n<p class=\"wp-block-paragraph\">La directora\nZona Costa, Jessica Ibarra Ramonett, encabez\u00f3 el acto y destac\u00f3 los logros de\nlos estudiantes, entre quienes tambi\u00e9n fueron distinguidas la medallista de\nbronce en el centroamericano de karate Johana Mor\u00e1n y la ganadora del Triatl\u00f3n\nTrijex, Massima Machado.<\/p>\n\n\n\n<p class=\"wp-block-paragraph\">El equipo de\nbaloncesto varonil gan\u00f3 las eliminatorias municipal y estatal para clasificar\nal nacional de Conadems, mientras que el plantel femenil consum\u00f3 el\ntricampeonato municipal y qued\u00f3 subl\u00edder estatal.<\/p>\n\n\n\n<p class=\"wp-block-paragraph\">Tambi\u00e9n se\nreconoci\u00f3 a los atletas que entregaron siete medallas en el nacional Conadeip,\nencabezados por un r\u00e9cord nacional de Aixa Mart\u00ednez.<\/p>\n\n\n\n<p class=\"wp-block-paragraph\">\u201cLa\nceremonia tuvo como fin reconocer a la maestra Zinnia Garayzar y sus atletas\npor haber ganado siete medallas en el nacional, adem\u00e1s del segundo lugar\nestatal del equipo femenil de baloncesto y el campeonato estatal del equipo\nvaronil\u201d, indic\u00f3 Alejandro Ortiz.<\/p>\n\n\n\n<p class=\"wp-block-paragraph\">El\ncoordinador de deportes de CETYS Ensenada puntualiz\u00f3 el compromiso de\nrepresentar a la regi\u00f3n en el nacional como campe\u00f3n estatal de baloncesto.<\/p>\n\n\n\n<p class=\"wp-block-paragraph\">Otros\nestudiantes reconocidos fueron los ganadores del torneo de debate J\u00f3venes\nPromesas, Ximena Montoya, Paloma Villavicencio, Loly Sof\u00eda Maga\u00f1a y Osvaldo\nAndr\u00e9s, as\u00ed como las medallistas de plata en la Olimpiada Nacional de\nInform\u00e1tica, Ximena Montoya Mendoza y Emiliano V\u00e1zquez Olea.<\/p>\n\n\n\n<p class=\"wp-block-paragraph\">Entre las\nautoridades de CETYS tambi\u00e9n estuvieron Luis Batista, Ana Gloria Pedr\u00edn y Luc\u00eda\nBeltr\u00e1n, respectivos director de asuntos estudiantiles, directora de\npreparatoria y directora acad\u00e9mica.<\/p>\n\n\n\n<p class=\"wp-block-paragraph\"><strong>Campeonas Municipales de Baloncesto CONADEMS<\/strong><\/p>\n\n\n\n<p class=\"wp-block-paragraph\"><strong>Equipo Femenil<\/strong><\/p>\n\n\n\n<figure class=\"wp-block-image\"><img fetchpriority=\"high\" decoding=\"async\" width=\"600\" height=\"421\" src=\"http:\/\/agpnoticias.com\/news\/wp-content\/uploads\/2019\/05\/IMG_9889-e1558986648659.jpg\" alt=\"\" class=\"wp-image-2905668\"\/><\/figure>\n\n\n\n<p class=\"wp-block-paragraph\">Rebeca Valenzuela\nBandala<\/p>\n\n\n\n<p class=\"wp-block-paragraph\">Wendy\nGuill\u00edn Montoya<\/p>\n\n\n\n<p class=\"wp-block-paragraph\">Alejandra\nVillegas Maldonado<\/p>\n\n\n\n<p class=\"wp-block-paragraph\">Alexa Garc\u00eda\nGallegos<\/p>\n\n\n\n<p class=\"wp-block-paragraph\">Melissa\nRodr\u00edguez Curiel<\/p>\n\n\n\n<p class=\"wp-block-paragraph\">Ximena\nParedes L\u00f3pez Ortega <\/p>\n\n\n\n<p class=\"wp-block-paragraph\">Frida Ximena\nVillarreal Grijalva<\/p>\n\n\n\n<p class=\"wp-block-paragraph\">Sonia\nVanessa Carrillo Barrag\u00e1n<\/p>\n\n\n\n<p class=\"wp-block-paragraph\">Mar\u00eda\nFernanda Ayala Padilla<\/p>\n\n\n\n<p class=\"wp-block-paragraph\">Melissa\nCorral Pazos<\/p>\n\n\n\n<p class=\"wp-block-paragraph\">Paula Flores\nBucio<\/p>\n\n\n\n<p class=\"wp-block-paragraph\">Carolina\nMalagamba Montejo<\/p>\n\n\n\n<p class=\"wp-block-paragraph\">Anna Sabrina\nGarc\u00eda Morachis<\/p>\n\n\n\n<p class=\"wp-block-paragraph\">Entrenador: Jos\u00e9\n\u00c1ngel Barajas Ruiz<\/p>\n\n\n\n<p class=\"wp-block-paragraph\"><strong>Campeones Estatales de Baloncesto CONADEMS<\/strong><\/p>\n\n\n\n<figure class=\"wp-block-image\"><img decoding=\"async\" width=\"600\" height=\"401\" src=\"http:\/\/agpnoticias.com\/news\/wp-content\/uploads\/2019\/05\/IMG_9886-e1558986693718.jpg\" alt=\"\" class=\"wp-image-2905667\"\/><\/figure>\n\n\n\n<p class=\"wp-block-paragraph\"><strong>Equipo Varonil<\/strong><\/p>\n\n\n\n<p class=\"wp-block-paragraph\">Juan\nFrancisco Amano Loera<\/p>\n\n\n\n<p class=\"wp-block-paragraph\">H\u00e9ctor\nManuel Vel\u00e1zquez Mart\u00ednez<\/p>\n\n\n\n<p class=\"wp-block-paragraph\">Ra\u00fal\nAlejandro Mac\u00edas Jim\u00e9nez<\/p>\n\n\n\n<p class=\"wp-block-paragraph\">Mauricio\nEnrique Santana Castro<\/p>\n\n\n\n<p class=\"wp-block-paragraph\">Diego Montes\nCabrera<\/p>\n\n\n\n<p class=\"wp-block-paragraph\">Armando Villegas\nValenzuela<\/p>\n\n\n\n<p class=\"wp-block-paragraph\">Luis Emilio\nEscalante S\u00e1nchez<\/p>\n\n\n\n<p class=\"wp-block-paragraph\">Antonio\nSalm\u00f3n Hern\u00e1ndez<\/p>\n\n\n\n<p class=\"wp-block-paragraph\">Sebasti\u00e1n Javier\nGarc\u00eda Morachis<\/p>\n\n\n\n<p class=\"wp-block-paragraph\">Miguel \u00c1ngel\nUribe Ochoa<\/p>\n\n\n\n<p class=\"wp-block-paragraph\">Jos\u00e9\nFrancisco Quintero Prieto<\/p>\n\n\n\n<p class=\"wp-block-paragraph\">Entrenador:\nLuis Alejandro Ortiz Soto<\/p>\n\n\n\n<p class=\"wp-block-paragraph\"><strong>Atletismo<\/strong><\/p>\n\n\n\n<figure class=\"wp-block-image\"><img decoding=\"async\" width=\"600\" height=\"423\" src=\"http:\/\/agpnoticias.com\/news\/wp-content\/uploads\/2019\/05\/IMG_9883-e1558986727707.jpg\" alt=\"\" class=\"wp-image-2905666\"\/><\/figure>\n\n\n\n<p class=\"wp-block-paragraph\">Aixa Andrea\nMart\u00ednez Esparza (Oro y r\u00e9cord nacional en heptatl\u00f3n en nacional Conadeip)<\/p>\n\n\n\n<p class=\"wp-block-paragraph\">Fernando\nDurazo Bejarano (Oro en decatl\u00f3n y bronce ne relevos 4&#215;400)<\/p>\n\n\n\n<p class=\"wp-block-paragraph\">Antonio\nG\u00f3mez Osuna (Oro en salto de garrocha, plata en salto de altura y bronce en\nrelevos 4&#215;400 en nacional Conadeip)<\/p>\n\n\n\n<p class=\"wp-block-paragraph\">Gabriel\nFlores Grajeda (Bronce en relevos 4&#215;400 en nacional Conadeip)<\/p>\n\n\n\n<p class=\"wp-block-paragraph\">Sebasti\u00e1n\nL\u00f3pez Carl\u00f3n (Bronce en nacional Conadeip)<\/p>\n\n\n\n<p class=\"wp-block-paragraph\">Entrenadora:\nZinnia Garayzar<\/p>\n\n\n\n<p class=\"wp-block-paragraph\"><strong>Bronce en Centroamericano de Karate<\/strong><\/p>\n\n\n\n<figure class=\"wp-block-image\"><img loading=\"lazy\" decoding=\"async\" width=\"600\" height=\"400\" src=\"http:\/\/agpnoticias.com\/news\/wp-content\/uploads\/2019\/05\/IMG_9780-e1558986759198.jpg\" alt=\"\" class=\"wp-image-2905664\"\/><\/figure>\n\n\n\n<p class=\"wp-block-paragraph\">Johana Karina\nMor\u00e1n S\u00e1ndez<\/p>\n\n\n\n<p class=\"wp-block-paragraph\"><strong>Ganadora Triatl\u00f3n Trijex<\/strong><\/p>\n\n\n\n<figure class=\"wp-block-image\"><img loading=\"lazy\" decoding=\"async\" width=\"600\" height=\"400\" src=\"http:\/\/agpnoticias.com\/news\/wp-content\/uploads\/2019\/05\/IMG_9778-e1558986790740.jpg\" alt=\"\" class=\"wp-image-2905663\"\/><\/figure>\n\n\n\n<p class=\"wp-block-paragraph\">Massima\nIsabella Machado L\u00f3pez<\/p>\n","protected":false},"excerpt":{"rendered":"<p>Ensenada, Baja California.- Los campeones estatales de baloncesto, las campeonas municipales de la misma disciplina,&#8230;<\/p>\n","protected":false},"author":1,"featured_media":2905665,"comment_status":"open","ping_status":"closed","sticky":false,"template":"","format":"standard","meta":{"footnotes":""},"categories":[879,704],"tags":[888],"class_list":["post-2905662","post","type-post","status-publish","format-standard","has-post-thumbnail","hentry","category-cetys-universidad","category-deporte-estudiantil","tag-destacado2"],"_links":{"self":[{"href":"https:\/\/agpnoticias.com\/news\/wp-json\/wp\/v2\/posts\/2905662","targetHints":{"allow":["GET"]}}],"collection":[{"href":"https:\/\/agpnoticias.com\/news\/wp-json\/wp\/v2\/posts"}],"about":[{"href":"https:\/\/agpnoticias.com\/news\/wp-json\/wp\/v2\/types\/post"}],"author":[{"embeddable":true,"href":"https:\/\/agpnoticias.com\/news\/wp-json\/wp\/v2\/users\/1"}],"replies":[{"embeddable":true,"href":"https:\/\/agpnoticias.com\/news\/wp-json\/wp\/v2\/comments?post=2905662"}],"version-history":[{"count":1,"href":"https:\/\/agpnoticias.com\/news\/wp-json\/wp\/v2\/posts\/2905662\/revisions"}],"predecessor-version":[{"id":2905669,"href":"https:\/\/agpnoticias.com\/news\/wp-json\/wp\/v2\/posts\/2905662\/revisions\/2905669"}],"wp:featuredmedia":[{"embeddable":true,"href":"https:\/\/agpnoticias.com\/news\/wp-json\/wp\/v2\/media\/2905665"}],"wp:attachment":[{"href":"https:\/\/agpnoticias.com\/news\/wp-json\/wp\/v2\/media?parent=2905662"}],"wp:term":[{"taxonomy":"category","embeddable":true,"href":"https:\/\/agpnoticias.com\/news\/wp-json\/wp\/v2\/categories?post=2905662"},{"taxonomy":"post_tag","embeddable":true,"href":"https:\/\/agpnoticias.com\/news\/wp-json\/wp\/v2\/tags?post=2905662"}],"curies":[{"name":"wp","href":"https:\/\/api.w.org\/{rel}","templated":true}]}}