{"id":2906149,"date":"2019-06-11T19:47:28","date_gmt":"2019-06-12T02:47:28","guid":{"rendered":"https:\/\/agpnoticias.com\/news\/?p=2906149"},"modified":"2019-06-12T17:34:14","modified_gmt":"2019-06-13T00:34:14","slug":"baja-california-irrumpe-con-nueve-oros-en-halterofilia","status":"publish","type":"post","link":"https:\/\/agpnoticias.com\/news\/baja-california-irrumpe-con-nueve-oros-en-halterofilia\/","title":{"rendered":"Baja California irrumpe con nueve oros en halterofilia"},"content":{"rendered":"\n<div>\n<p>Chetumal, Quintana Roo &#8211; La actividad dentro de la Halterofilia en la Olimpiada Nacional y Nacional Juvenil dio inicio este martes en las instalaciones de la Comisi\u00f3n de la Juventud y Deporte del Estado de Quintana Roo (COJUDEQ).<\/p>\n<p>La campeona mundial Sub 17, de Baja California, domin\u00f3 la divisi\u00f3n de 71 kilogramos al finalizar con oro en el Arranque (85 kilogramos), en Envi\u00f3n (110 kilogramos) y en Total con 185 kilogramos.<\/p>\n<p>Junto con los oros obtenidos por Vel\u00e1zquez destac\u00f3 tambi\u00e9n el trabajo a cargo de Yailin Hern\u00e1ndez, quien se llev\u00f3 tres primeros lugares en la categor\u00eda Sub 15 femenil,divisi\u00f3n 76 kilogramos.<\/p>\n<\/div>\n<div>\u00a0<\/div>\n<div><img fetchpriority=\"high\" decoding=\"async\" class=\"aligncenter size-full wp-image-2906151\" src=\"https:\/\/agpnoticias.com\/news\/wp-content\/uploads\/2019\/06\/EMICAMPEONAA-e1560307540137.jpg\" alt=\"\" width=\"600\" height=\"332\" \/><\/div>\n<div>\u00a0<\/div>\n<div>\n<p>Yailin registr\u00f3 83 kilogramos en Arranque y 100 en envi\u00f3n, para cerrar con 183 kilogramos en el total y, de esta manera, concluir con 183 kilos.<\/p>\n<p>La jornada inicial de la Halterofilia tuvo un buen inicio para el Estado 29 despu\u00e9s de que Mia Karime Hern\u00e1ndez ganara la modalidad de Arranque en la categor\u00eda Sub 15, divisi\u00f3n 40 kilogramos.<\/p>\n<p>Mia Karime levant\u00f3 48 kilogramos en el Arranque, prueba en la que las peninsulares hicieron el 1-2, ya que Jocelyn Zaragoza finaliz\u00f3 con la plata, al registrar 47 kilogramos.\u00a0<\/p>\n<\/div>\n<div>\u00a0<\/div>\n<div><img decoding=\"async\" class=\"aligncenter size-full wp-image-2906152\" src=\"https:\/\/agpnoticias.com\/news\/wp-content\/uploads\/2019\/06\/pesaspre-e1560307554674.jpg\" alt=\"\" width=\"600\" height=\"400\" \/><\/div>\n<div>\u00a0<\/div>\n<div>\n<p>Hern\u00e1ndez tambi\u00e9n domin\u00f3 en el envi\u00f3n al cerrar con 57 kilos. En esta prueba la delegaci\u00f3n auriazul hizo el 1-3, pues Jocelyn Zaragoza gan\u00f3 bronce, con 53 kilos, tres menos que la neoleonesa Joceline Quintanilla, quien se qued\u00f3 con la plata.<\/p>\n<p>\u00a0En el total M\u00eda Karime no tuvo rival y asegur\u00f3 la triple corona, al registrar 105 kilos, en tanto que Zaragoza concluy\u00f3 segunda, con 100.<\/p>\n<\/div>\n","protected":false},"excerpt":{"rendered":"","protected":false},"author":1,"featured_media":2906150,"comment_status":"open","ping_status":"closed","sticky":false,"template":"","format":"standard","meta":{"footnotes":""},"categories":[73],"tags":[888],"class_list":["post-2906149","post","type-post","status-publish","format-standard","has-post-thumbnail","hentry","category-deportebajacalifornia","tag-destacado2"],"_links":{"self":[{"href":"https:\/\/agpnoticias.com\/news\/wp-json\/wp\/v2\/posts\/2906149","targetHints":{"allow":["GET"]}}],"collection":[{"href":"https:\/\/agpnoticias.com\/news\/wp-json\/wp\/v2\/posts"}],"about":[{"href":"https:\/\/agpnoticias.com\/news\/wp-json\/wp\/v2\/types\/post"}],"author":[{"embeddable":true,"href":"https:\/\/agpnoticias.com\/news\/wp-json\/wp\/v2\/users\/1"}],"replies":[{"embeddable":true,"href":"https:\/\/agpnoticias.com\/news\/wp-json\/wp\/v2\/comments?post=2906149"}],"version-history":[{"count":3,"href":"https:\/\/agpnoticias.com\/news\/wp-json\/wp\/v2\/posts\/2906149\/revisions"}],"predecessor-version":[{"id":2906187,"href":"https:\/\/agpnoticias.com\/news\/wp-json\/wp\/v2\/posts\/2906149\/revisions\/2906187"}],"wp:featuredmedia":[{"embeddable":true,"href":"https:\/\/agpnoticias.com\/news\/wp-json\/wp\/v2\/media\/2906150"}],"wp:attachment":[{"href":"https:\/\/agpnoticias.com\/news\/wp-json\/wp\/v2\/media?parent=2906149"}],"wp:term":[{"taxonomy":"category","embeddable":true,"href":"https:\/\/agpnoticias.com\/news\/wp-json\/wp\/v2\/categories?post=2906149"},{"taxonomy":"post_tag","embeddable":true,"href":"https:\/\/agpnoticias.com\/news\/wp-json\/wp\/v2\/tags?post=2906149"}],"curies":[{"name":"wp","href":"https:\/\/api.w.org\/{rel}","templated":true}]}}