{"id":2906223,"date":"2019-06-13T22:50:13","date_gmt":"2019-06-14T05:50:13","guid":{"rendered":"https:\/\/agpnoticias.com\/news\/?p=2906223"},"modified":"2019-06-14T20:06:25","modified_gmt":"2019-06-15T03:06:25","slug":"oro-all-around-para-la-gimnasia-de-baja-california-12-13-anos","status":"publish","type":"post","link":"https:\/\/agpnoticias.com\/news\/oro-all-around-para-la-gimnasia-de-baja-california-12-13-anos\/","title":{"rendered":"Oro all around para la gimnasia de Baja California 12-13 a\u00f1os"},"content":{"rendered":"\n<p class=\"m_-4784226159525310736gmail-p1\"><span class=\"m_-4784226159525310736gmail-s1\">Canc\u00fan, Quintana Roo.- Los peque\u00f1os gimnasta de Baja California disfrutaron en grande la medalla de oro por Equipo en All Around, en una fuerte lucha con Jalisco en la categor\u00eda 12-13 a\u00f1os en Olimpiada Nacional 2019.<\/span><\/p>\n<p class=\"m_-4784226159525310736gmail-p1\"><span class=\"m_-4784226159525310736gmail-s1\">\u201cNos sentimos felices, contento, sabemos que nos podemos esforzar m\u00e1s pero bast\u00f3 para ganar la medalla de oro y, la verdad, se siente muy bien\u201d, dijo Kevin Correa, quien tambi\u00e9n fue bronce en Individual.<\/span><\/p>\n<p class=\"m_-4784226159525310736gmail-p1\"><span class=\"m_-4784226159525310736gmail-s1\">Jonathan L\u00f3pez, quien fue el medallista de plata en Individual, destac\u00f3 que fue una competencia bastante re\u00f1ida con Jalisco. pero Baja California supo hacer su trabajo para llevarse el metal dorado.<\/span><\/p>\n<p class=\"m_-4784226159525310736gmail-p1\"><span class=\"m_-4784226159525310736gmail-s1\">\u201cEstuvo muy buena la competencia, muy re\u00f1ida, empezamos muy bien y terminamos muy bien, hubo algunas ca\u00eddas pero eso no nos dio para abajo, al contrario nos dio para arriba y salir a ganar a la medalla de oro\u201d, coment\u00f3 el \u201cJonik\u201d.<\/span><\/p>\n<p class=\"m_-4784226159525310736gmail-p1\"><span class=\"m_-4784226159525310736gmail-s1\">\u201cMe siento muy orgulloso con esta medalla\u201d, se\u00f1al\u00f3 Antonio Wong, \u201cporque di mi mejor esfuerzo en este ciclo, estoy feliz con mis compa\u00f1eros porque me apoyaron y los apoy\u00e9, dimos todo nuestro esfuerzo en la competencia.<\/span><\/p>\n<p class=\"m_-4784226159525310736gmail-p1\"><span class=\"m_-4784226159525310736gmail-s1\">Dar\u00edo Solorza era otro que no cab\u00eda de felicidad en Poliforum Benito Ju\u00e1rez, donde Baja California gan\u00f3 el All Around con 215.528 puntos, y no era pare menos, era el festejo de campeones nacionales.<\/span><\/p>\n<p><img fetchpriority=\"high\" decoding=\"async\" class=\"aligncenter size-full wp-image-2906227\" src=\"https:\/\/agpnoticias.com\/news\/wp-content\/uploads\/2019\/06\/WhatsApp-Image-2019-06-13-at-10.48.38-PM-e1560491402182.jpeg\" alt=\"\" width=\"600\" height=\"362\" \/><\/p>\n<p class=\"m_-4784226159525310736gmail-p1\"><span class=\"m_-4784226159525310736gmail-s1\">\u201cEstuvo pesada la competencia pero me siento muy feliz por haber ganado esta medalla con el trabajo que hice; todav\u00eda podemos ganar m\u00e1s medallas\u201d, indic\u00f3 un emocionado Dar\u00edo, al igual que Juan Hern\u00e1ndez.<\/span><\/p>\n<p class=\"m_-4784226159525310736gmail-p1\"><span class=\"m_-4784226159525310736gmail-s1\"><b>\u201c<\/b>En lo personal es la medalla que m\u00e1s sabe, la medalla que sab\u00edamos iba a ser m\u00e1s peleado, Jalisco ven\u00eda muy fuerte, se llevaron el oro en Individual, pero sab\u00edamos que era una competencia re\u00f1ida, que no pod\u00eda haber muchos fallos.<\/span><\/p>\n<p class=\"m_-4784226159525310736gmail-p1\"><span class=\"m_-4784226159525310736gmail-s1\">Afortunadamente, los muchachos vinieron bien preparados, se comportaron a la altura, a pesar de su corta edad se comportaron como hombres y logramos el objetivo, la verdad estoy muy contento por esta medalla que vale horas de sacrificios, sacrificios de los padres, sacrificios econ\u00f3micos, sacrificio de todo mundo y al final se pudo coronar con esto<b>\u201d<\/b>, el entrenador Luis Alberto Sosa.<\/span><\/p>\n<p><strong>Resultados<\/strong><\/p>\n<div id=\":o9\" class=\"ii gt\">\n<div id=\":o8\" class=\"a3s aXjCH \">\n<div dir=\"ltr\">\n<p class=\"m_-354909910967296374gmail-p1\"><span class=\"m_-354909910967296374gmail-s1\">Baja California conquist\u00f3 la medalla de oro en All Around por Equipos Varonil, en la categor\u00eda 12-13 a\u00f1os, en una jornada en la que tambi\u00e9n obtuvo un plata y un bronce en Individual en gimnasia art\u00edstica de Olimpiada y Nacional Juvenil 2019.<\/span><\/p>\n<p class=\"m_-354909910967296374gmail-p1\"><span class=\"m_-354909910967296374gmail-s1\">El Poliforum Benito Ju\u00e1rez ha sido testigo de la tercera medalla de oro que obtiene Baja California, al sumar 215.528 puntos luego de competir en seis aparatos para apoderarse del metal dorado con el equipo integrado por Jonathan L\u00f3pez, Kevin Correa, Dar\u00edo Solorza, Antonio Wong y Juan Hern\u00e1ndez.<\/span><\/p>\n<p class=\"m_-354909910967296374gmail-p1\"><span class=\"m_-354909910967296374gmail-s1\">El representativo del Estado 29 dej\u00f3 con la medalla de plata a Jalisco, con una puntuaci\u00f3n de 213.593, y con el bronce a Nuevo Le\u00f3n, con 205.928.<\/span><\/p>\n<p><img decoding=\"async\" class=\"aligncenter size-full wp-image-2906230\" src=\"https:\/\/agpnoticias.com\/news\/wp-content\/uploads\/2019\/06\/WhatsApp-Image-2019-06-13-at-10.59.41-PM-e1560492028411.jpeg\" alt=\"\" width=\"600\" height=\"406\" \/><\/p>\n<p class=\"m_-354909910967296374gmail-p1\"><span class=\"m_-354909910967296374gmail-s1\">Durante la competencia en seis aparatos, Baja California domin\u00f3 en piso con 36.566, en anillos con 35.665, en salto de caballo con 34.999 y en barras paralelas con 36.732; Jalisco fue el mejor en caballo con arzones con 38.322 y Nuevo Le\u00f3n en barra fija con 35.665.<\/span><\/p>\n<p class=\"m_-354909910967296374gmail-p1\"><span class=\"m_-354909910967296374gmail-s1\">Para Baja California este triunfo de los talentos en la categor\u00eda 12-13 a\u00f1os, se ha sumado a las dos medallas de oro que se obtuvieron el primer d\u00eda de competencia, tambi\u00e9n en la rama varonil pero en 14-15 a\u00f1os, tanto en Individual como en Equipos.<\/span><\/p>\n<p class=\"m_-354909910967296374gmail-p1\"><span class=\"m_-354909910967296374gmail-s1\">En la jornada All Around, Baja California tambi\u00e9n subi\u00f3 al podium en Individual en la categor\u00eda 12-13 a\u00f1os, con Jonathan L\u00f3pez, que gan\u00f3 la plata con 72.165 puntos, y Kevin Correa, el bronce con 71.599, en una competencia que domin\u00f3 el jalisciense Juan Due\u00f1as con 73.164.<\/span><\/p>\n<\/div>\n<div class=\"yj6qo\">\u00a0<\/div>\n<div class=\"adL\">\u00a0<\/div>\n<\/div>\n<\/div>\n<div id=\":19d\" class=\"hq gt\">\u00a0<\/div>\n","protected":false},"excerpt":{"rendered":"","protected":false},"author":1,"featured_media":2906226,"comment_status":"open","ping_status":"closed","sticky":false,"template":"","format":"standard","meta":{"footnotes":""},"categories":[46],"tags":[888],"class_list":["post-2906223","post","type-post","status-publish","format-standard","has-post-thumbnail","hentry","category-gimnasia","tag-destacado2"],"_links":{"self":[{"href":"https:\/\/agpnoticias.com\/news\/wp-json\/wp\/v2\/posts\/2906223","targetHints":{"allow":["GET"]}}],"collection":[{"href":"https:\/\/agpnoticias.com\/news\/wp-json\/wp\/v2\/posts"}],"about":[{"href":"https:\/\/agpnoticias.com\/news\/wp-json\/wp\/v2\/types\/post"}],"author":[{"embeddable":true,"href":"https:\/\/agpnoticias.com\/news\/wp-json\/wp\/v2\/users\/1"}],"replies":[{"embeddable":true,"href":"https:\/\/agpnoticias.com\/news\/wp-json\/wp\/v2\/comments?post=2906223"}],"version-history":[{"count":2,"href":"https:\/\/agpnoticias.com\/news\/wp-json\/wp\/v2\/posts\/2906223\/revisions"}],"predecessor-version":[{"id":2906231,"href":"https:\/\/agpnoticias.com\/news\/wp-json\/wp\/v2\/posts\/2906223\/revisions\/2906231"}],"wp:featuredmedia":[{"embeddable":true,"href":"https:\/\/agpnoticias.com\/news\/wp-json\/wp\/v2\/media\/2906226"}],"wp:attachment":[{"href":"https:\/\/agpnoticias.com\/news\/wp-json\/wp\/v2\/media?parent=2906223"}],"wp:term":[{"taxonomy":"category","embeddable":true,"href":"https:\/\/agpnoticias.com\/news\/wp-json\/wp\/v2\/categories?post=2906223"},{"taxonomy":"post_tag","embeddable":true,"href":"https:\/\/agpnoticias.com\/news\/wp-json\/wp\/v2\/tags?post=2906223"}],"curies":[{"name":"wp","href":"https:\/\/api.w.org\/{rel}","templated":true}]}}