{"id":2907238,"date":"2019-07-19T18:28:39","date_gmt":"2019-07-20T01:28:39","guid":{"rendered":"https:\/\/agpnoticias.com\/news\/?p=2907238"},"modified":"2019-07-20T14:29:47","modified_gmt":"2019-07-20T21:29:47","slug":"softbolistas-bajacalifornianos-por-medalla-a-lima","status":"publish","type":"post","link":"https:\/\/agpnoticias.com\/news\/softbolistas-bajacalifornianos-por-medalla-a-lima\/","title":{"rendered":"Softbolistas bajacalifornianos por medalla a Lima"},"content":{"rendered":"\n<p class=\"m_1898503655194290179gmail-p2\"><span class=\"m_1898503655194290179gmail-s1\">Tijuana, Baja California.- Con el sue\u00f1o de regresar a casa con una medalla de Juegos Deportivos Panamericanos en Lima 2019, ocho softbolistas y dos integrantes del cuerpo t\u00e9cnico de M\u00e9xico, se trasladar\u00e1n este s\u00e1bado a la Ciudad de M\u00e9xico, en su camino hacia tierras peruanas.<\/span><\/p>\n<p class=\"m_1898503655194290179gmail-p2\"><span class=\"m_1898503655194290179gmail-s1\">Los mexicalenses Edgar \u201cPipilo\u201d L\u00f3pez, Jonathan \u201cCome Churros\u201d Mu\u00f1oz, Ad\u00e1n Due\u00f1as y Jonathan Salazar; los tijuanenses<span class=\"m_1898503655194290179gmail-Apple-converted-space\">&nbsp;&nbsp;<\/span>Antonio \u201cTony\u201d Gonz\u00e1lez, Ismael \u201cMaylo\u201d Pe\u00f1a, C\u00e9sar Rodr\u00edguez y Lenny Villalvazo, ser\u00e1n los que defender\u00e1n los colores de M\u00e9xico, junto a los ensenadenses Mario P\u00e9rez y Jorge Rivera, del cuerpo t\u00e9cnico.<\/span><\/p>\n<p class=\"m_1898503655194290179gmail-p2\"><span class=\"m_1898503655194290179gmail-s1\">\u201cHe vivido esta experiencia, es de las mejores, el mejor nivel a la par del mundial, es un gran nivel y vamos motivados para traer un buen lugar, traemos muy buen equipo de j\u00f3venes acompa\u00f1ados de veteranos, con experiencia y con la mente de traer una medalla\u201d, dijo el \u201cPipilo\u201d L\u00f3pez.<\/span><\/p>\n<p class=\"m_1898503655194290179gmail-p2\"><span class=\"m_1898503655194290179gmail-s1\">Luego de ser parte del equipo mexicano en el Campeonato Mundial de Softbol Varonil Senior, en Rep\u00fablica Checa, el \u201cPipilo\u201d destac\u00f3 que ahora van motivados a Lima 2019 y con la confianza de ganarle a cualquiera, tras aquel triunfo sensacional sobre Nueva Zelanda, el campe\u00f3n mundial del 2018.<\/span><\/p>\n<p class=\"m_1898503655194290179gmail-p2\"><span class=\"m_1898503655194290179gmail-s1\">Quien jug\u00f3 la Serie Mundial de Ligas Peque\u00f1as en Williamsport 2005, ahora vive el segundo ciclo ol\u00edmpico, acompa\u00f1ados por diez bajacalifornianos, entre jugadores y cuerpo t\u00e9cnico, algo digno para sentirse orgulloso del softbol de Baja California.<\/span><\/p>\n<p class=\"m_1898503655194290179gmail-p2\"><span class=\"m_1898503655194290179gmail-s1\">\u201cEs algo impresionante estar aqu\u00ed, participar en mundiales, centroamericanos y m\u00e1s en estos Juegos Panamericanos, m\u00e1s que nada la experiencia de conocer mucha gente, ver todos los deportes, los mejores, es algo muy bonito y se disfruta al m\u00e1ximo.<\/span><\/p>\n<p class=\"m_1898503655194290179gmail-p2\"><span class=\"m_1898503655194290179gmail-s1\">\u201cY vamos con la mayor cantidad de representantes de Baja California, cuatro somos de Mexicali, es algo muy emotivo porque sigue creciendo el softbol de Mexicali y de Baja California, sigue dando de qu\u00e9 hablar nuestro softbol\u201d, se\u00f1al\u00f3 el bateador de poder del equipo nacional.<\/span><\/p>\n<p class=\"m_1898503655194290179gmail-p2\"><span class=\"m_1898503655194290179gmail-s1\">Para el pitcher Ad\u00e1n Due\u00f1as, quien se qued\u00f3 en la orilla en el proceso a Barranquilla 2018, ahora tiene la oportunidad de llevar los colores de M\u00e9xico a Lima 2019, algo que lo hace so\u00f1ar hasta con unos Juegos Ol\u00edmpicos en Tokio 2020.<\/span><\/p>\n<p class=\"m_1898503655194290179gmail-p2\"><span class=\"m_1898503655194290179gmail-s1\">\u201cEs una meta que ten\u00eda en mente, gracias a Dios se me da la oportunidad de representar a M\u00e9xico, es una bonita experiencia que quiero vivir al m\u00e1ximo; tenemos que seguir esforz\u00e1ndonos para seguir aqu\u00ed, creo que como deportista es lo mejor que le puede pasar a uno y porqu\u00e9 no pensar en Tokio 2020, si Dilos quiere\u201d, dijo el pitcher.<\/span><\/p>\n<p class=\"m_1898503655194290179gmail-p2\"><span class=\"m_1898503655194290179gmail-s1\">Con la experiencia del Mundial Juvenil en el 2012 en Argentina y el Mundial Senior en el 2019 en Rep\u00fablica Checa, Ad\u00e1n ahora perfecciona su pitcheo, luego de su participaci\u00f3n en la justa mundialista en el \u201cViejo Continente\u201d.<\/span><\/p>\n<p class=\"m_1898503655194290179gmail-p2\"><span class=\"m_1898503655194290179gmail-s1\">\u201cHay mucho que trabajar, en base a lo que es pitcher, hay mucho por hacer, me traje muchos tips, muchas maneras de c\u00f3mo tratar la pelota, c\u00f3mo brincar, fue algo muy bonito, muy buena la experiencia en el mundial; ahora, vamos de nuevo con este compromiso, con la camiseta de M\u00e9xico a traer buenos resultados\u201d, se\u00f1al\u00f3.<\/span><\/p>\n<p class=\"m_1898503655194290179gmail-p2\"><span class=\"m_1898503655194290179gmail-s1\">El popular \u201cCome Churros\u201d Mu\u00f1oz, quien tambi\u00e9n fue parte juvenil de M\u00e9xico en el 2012, al igual que el \u201cPIpilo\u201d L\u00f3pez, destac\u00f3 que el objetivo es regresar con medalla de Lima, aunque enfrente estar\u00e1n selecciones como Argentina, campe\u00f3n mundial 2019, Estados Unidos y Venezuela, entre otros.<\/span><\/p>\n<p><em>Informaci\u00f3n: Instituto del Deporte de Baja California (INDE).<\/em><\/p>\n","protected":false},"excerpt":{"rendered":"","protected":false},"author":1,"featured_media":2907239,"comment_status":"open","ping_status":"closed","sticky":false,"template":"","format":"standard","meta":{"footnotes":""},"categories":[66],"tags":[888],"class_list":["post-2907238","post","type-post","status-publish","format-standard","has-post-thumbnail","hentry","category-softbol","tag-destacado2"],"_links":{"self":[{"href":"https:\/\/agpnoticias.com\/news\/wp-json\/wp\/v2\/posts\/2907238","targetHints":{"allow":["GET"]}}],"collection":[{"href":"https:\/\/agpnoticias.com\/news\/wp-json\/wp\/v2\/posts"}],"about":[{"href":"https:\/\/agpnoticias.com\/news\/wp-json\/wp\/v2\/types\/post"}],"author":[{"embeddable":true,"href":"https:\/\/agpnoticias.com\/news\/wp-json\/wp\/v2\/users\/1"}],"replies":[{"embeddable":true,"href":"https:\/\/agpnoticias.com\/news\/wp-json\/wp\/v2\/comments?post=2907238"}],"version-history":[{"count":2,"href":"https:\/\/agpnoticias.com\/news\/wp-json\/wp\/v2\/posts\/2907238\/revisions"}],"predecessor-version":[{"id":2907262,"href":"https:\/\/agpnoticias.com\/news\/wp-json\/wp\/v2\/posts\/2907238\/revisions\/2907262"}],"wp:featuredmedia":[{"embeddable":true,"href":"https:\/\/agpnoticias.com\/news\/wp-json\/wp\/v2\/media\/2907239"}],"wp:attachment":[{"href":"https:\/\/agpnoticias.com\/news\/wp-json\/wp\/v2\/media?parent=2907238"}],"wp:term":[{"taxonomy":"category","embeddable":true,"href":"https:\/\/agpnoticias.com\/news\/wp-json\/wp\/v2\/categories?post=2907238"},{"taxonomy":"post_tag","embeddable":true,"href":"https:\/\/agpnoticias.com\/news\/wp-json\/wp\/v2\/tags?post=2907238"}],"curies":[{"name":"wp","href":"https:\/\/api.w.org\/{rel}","templated":true}]}}