{"id":2908496,"date":"2019-08-28T16:00:40","date_gmt":"2019-08-28T23:00:40","guid":{"rendered":"https:\/\/agpnoticias.com\/news\/?p=2908496"},"modified":"2019-08-29T09:50:36","modified_gmt":"2019-08-29T16:50:36","slug":"zorros-del-cetys-ensenada-por-buen-camino-para-iniciar-temporada-2019-de-oefa","status":"publish","type":"post","link":"https:\/\/agpnoticias.com\/news\/zorros-del-cetys-ensenada-por-buen-camino-para-iniciar-temporada-2019-de-oefa\/","title":{"rendered":"Zorros del CETYS Ensenada \u00abpor buen camino\u00bb para iniciar temporada 2019 de OEFA"},"content":{"rendered":"\n<p>Ensenada, Baja California.- Los Zorros del CETYS Ensenada est\u00e1n en el camino que pretende su coach, Juan Carlos Garc\u00eda Morales, despu\u00e9s de tres juegos de pretemporada, suficientes para arrancar con expectativas de \u00e9xito la temporada 2019 de la Organizaci\u00f3n Estudiantil de Futbol Americano (OEFA).<\/p>\n<p>Dos empates contra An\u00e1huac en Ensenada e Instituto M\u00e9xico en Tijuana, as\u00ed como una derrota en Mexicali, son valorados por el entrenador en jefe que el a\u00f1o pasado llev\u00f3 al equipo ensenadense a los playoffs cuando fue eliminado por el posterior campe\u00f3n, Zorros del CETYS Mexicali.<\/p>\n<p>\u201cContra An\u00e1huac fue un juego cerrado, \u00edbamos iniciando, conociendo a los j\u00f3venes porque es un plantel completamente nuevo, s\u00f3lo con siete jugadores de la temporada pasada, y les dimos juego a todos\u201d, describi\u00f3. \u201cSe nos cerr\u00f3 el marcador al final, empatamos 14-14, pero vimos cosas buenas y malas que trabajamos\u201d.<\/p>\n<figure id=\"attachment_2908498\" aria-describedby=\"caption-attachment-2908498\" style=\"width: 600px\" class=\"wp-caption aligncenter\"><img fetchpriority=\"high\" decoding=\"async\" class=\"size-full wp-image-2908498\" src=\"https:\/\/agpnoticias.com\/news\/wp-content\/uploads\/2019\/08\/IMG_8887-e1567033140658.jpg\" alt=\"\" width=\"600\" height=\"426\" \/><figcaption id=\"caption-attachment-2908498\" class=\"wp-caption-text\">Juan Carlos Garc\u00eda, entrenador en jefe de Zorros Ensenada<\/figcaption><\/figure>\n<p>Luego Zorros viaj\u00f3 a Tijuana para empatar a 12 puntos con las \u00c1guilas del Instituto M\u00e9xico.<\/p>\n<p>\u201cEl viernes hicimos pr\u00e1ctica conjunta y despu\u00e9s de una serie de jugadas nos fue bien, los j\u00f3venes respondieron contra un equipo de tradici\u00f3n, de los top de Baja California, y les competimos\u201d, resalt\u00f3.<\/p>\n<p>Particularmente reconoci\u00f3 las jugadas anotaci\u00f3n, \u201ccorrida de Gael Su\u00e1rez y recepci\u00f3n de Pepe L\u00f3pez\u201d.<\/p>\n<p>\u201cNos vimos muy bien en las escuadras ofensivas y defensivas. El resultado fue bueno, pero no nos quedamos con eso porque hay detalles que nos pueden hacer mejor equipo y tenemos que trabajar sobre eso\u201d, advirti\u00f3.<\/p>\n<p>De los jugadores de experiencia, Juan Carlos Garc\u00eda subray\u00f3 el aporte de \u201cGael Su\u00e1rez, el capit\u00e1n ofensivo, y Memo Galv\u00e1n, que es el capit\u00e1n defensivo\u201d.<\/p>\n<p>\u201cSon los pilares de su \u00e1rea. Son muy buenos y tenemos a Pepe L\u00f3pez y Daniel Barocio que han evolucionado mucho despu\u00e9s de quedar en banca casi toda la temporada pasada con mucho trabajo en el campo y en el gimnasio (de CETYS) con nuestro preparador f\u00edsico Carlos Adame\u201d, agreg\u00f3.<\/p>\n<p><img decoding=\"async\" class=\"aligncenter size-full wp-image-2908499\" src=\"https:\/\/agpnoticias.com\/news\/wp-content\/uploads\/2019\/08\/IMG_8924-e1567033230877.jpg\" alt=\"\" width=\"600\" height=\"420\" \/><\/p>\n<p>Y de los nuevos integrantes, dijo: \u201cA la mayor\u00eda le damos seguimiento desde la categor\u00eda infantil. Tengo 15 a\u00f1os trabajando con la Secundaria T\u00e9cnica 20, adem\u00e1s de jugadores que vemos en otros de clubes de Ensenada\u201d.<\/p>\n<p>\u201cEl equipo se va conociendo, est\u00e1 unido y vamos por muy buen camino\u201d, afirm\u00f3. \u201cDel primer juego al m\u00e1s reciente veo demasiada progresi\u00f3n haciendo un equipo muy s\u00f3lido con un cuerpo t\u00e9cnico de capacidad\u201d.<\/p>\n<p>Por lo pronto, \u201cya no tenemos juegos de preparaci\u00f3n, descansamos esta semana y debutamos contra UVM en casa y qu\u00e9 mejor que hacerlo aqu\u00ed (en Ensenada) el s\u00e1bado 7 de septiembre\u201d.<\/p>\n<p>\u201cVamos poco a poco trabajando semana a semana con los ajustes para lograr nuestro objetivo de ganar al equipo que se nos ponga enfrente\u201d, sentenci\u00f3.<\/p>\n","protected":false},"excerpt":{"rendered":"","protected":false},"author":1,"featured_media":2908497,"comment_status":"open","ping_status":"closed","sticky":false,"template":"","format":"standard","meta":{"footnotes":""},"categories":[879,704,33],"tags":[888],"class_list":["post-2908496","post","type-post","status-publish","format-standard","has-post-thumbnail","hentry","category-cetys-universidad","category-deporte-estudiantil","category-futbol-americano","tag-destacado2"],"_links":{"self":[{"href":"https:\/\/agpnoticias.com\/news\/wp-json\/wp\/v2\/posts\/2908496","targetHints":{"allow":["GET"]}}],"collection":[{"href":"https:\/\/agpnoticias.com\/news\/wp-json\/wp\/v2\/posts"}],"about":[{"href":"https:\/\/agpnoticias.com\/news\/wp-json\/wp\/v2\/types\/post"}],"author":[{"embeddable":true,"href":"https:\/\/agpnoticias.com\/news\/wp-json\/wp\/v2\/users\/1"}],"replies":[{"embeddable":true,"href":"https:\/\/agpnoticias.com\/news\/wp-json\/wp\/v2\/comments?post=2908496"}],"version-history":[{"count":1,"href":"https:\/\/agpnoticias.com\/news\/wp-json\/wp\/v2\/posts\/2908496\/revisions"}],"predecessor-version":[{"id":2908500,"href":"https:\/\/agpnoticias.com\/news\/wp-json\/wp\/v2\/posts\/2908496\/revisions\/2908500"}],"wp:featuredmedia":[{"embeddable":true,"href":"https:\/\/agpnoticias.com\/news\/wp-json\/wp\/v2\/media\/2908497"}],"wp:attachment":[{"href":"https:\/\/agpnoticias.com\/news\/wp-json\/wp\/v2\/media?parent=2908496"}],"wp:term":[{"taxonomy":"category","embeddable":true,"href":"https:\/\/agpnoticias.com\/news\/wp-json\/wp\/v2\/categories?post=2908496"},{"taxonomy":"post_tag","embeddable":true,"href":"https:\/\/agpnoticias.com\/news\/wp-json\/wp\/v2\/tags?post=2908496"}],"curies":[{"name":"wp","href":"https:\/\/api.w.org\/{rel}","templated":true}]}}