{"id":2908627,"date":"2019-09-02T13:05:43","date_gmt":"2019-09-02T20:05:43","guid":{"rendered":"https:\/\/agpnoticias.com\/news\/?p=2908627"},"modified":"2019-09-03T18:22:33","modified_gmt":"2019-09-04T01:22:33","slug":"replica-48","status":"publish","type":"post","link":"https:\/\/agpnoticias.com\/news\/replica-48\/","title":{"rendered":"R\u00c9PLICA"},"content":{"rendered":"\n<p><strong>Por Fernando Ribeiro Cham<\/strong><\/p>\n<p><strong>Contrastes <\/strong><\/p>\n<p><strong>\u00a0<\/strong><em>\u201cUn estadio vac\u00edo es un esqueleto de multitud\u201d<\/em><\/p>\n<ul>\n<li><em>Mario Benedetti<\/em><\/li>\n<\/ul>\n<p><em>\u00a0<\/em><em>\u201cNo hay nada menos vac\u00edo que un estadio vac\u00edo. No hay nada menos mudo que las gradas sin nadie\u201d<\/em><\/p>\n<ul>\n<li><em>Eduardo Galeano<\/em><\/li>\n<\/ul>\n<p>Son las siete de la tarde y me encuentro en la pista de la ciudad deportiva. Despu\u00e9s de un par de vueltas, subo a un segmento de las gradas del llamado \u201cestadio\u201d Valle Dorado, desde donde es posible ver la totalidad del complejo, el campo central, la pista azul que ya muestra grietas, las gradas vac\u00edas, jam\u00e1s llenadas.<\/p>\n<p>Dir\u00e1n que la infraestructura servir\u00e1, en alg\u00fan momento, que hay que pensar en grande, ampliar el horizonte, tener visi\u00f3n a futuro, aunque el pasado de hoy, el futuro de antier, haya demostrado que fue un exceso, un capricho personal, una casa sin habitantes que convirtieran las paredes y el techo en hogar, porque ni en aquella visita del equipo profesional de la frontera se tuvo una median\u00eda de espectadores que alentaran, gritaran un gol o mentaran la madre del adversario. Nada.<\/p>\n<p>Debatible lo que comentar\u00e9 a continuaci\u00f3n, pero me parece que al menos con los elementos que se tienen al d\u00eda de hoy, las gradas del \u201cestadio\u201d en Ciudad Deportiva han sido la inversi\u00f3n de infraestructura menos fruct\u00edfera de la \u00faltima d\u00e9cada. Se decor\u00f3 el cuarto del bebe, se pint\u00f3 de tal o cual color y ya se encuentra en la habitaci\u00f3n la cuna, los juguetes y dem\u00e1s accesorios, pero quien debe dar alegr\u00edas y llanto, a\u00fan no llega, ni se ven indicios de un embarazo que anuncie la llegada futura del habitante del cuartito al que con tanto esmero se le ha adecuado su estancia.<\/p>\n<p>Son las siete y treinta de la tarde. Hacemos fila para entrar y un hombre se acerca a Careaga. \u201cNo le sobra un boleto que me venda\u201d, pregunt\u00f3. No, pero ah\u00ed est\u00e1 la taquilla, quiz\u00e1 encuentres. \u201cYa no hay boletos, est\u00e1 todo agotado\u201d, respondi\u00f3 un tercero. De izquierda a derecha, con pase para toda la temporada o entrada general, todo luce ocupado. En la entrada est\u00e1 el \u201cTarz\u00e1n\u201d Guerrero acompa\u00f1ado del \u201cCh\u00f3n\u201d Duarte, Laura Urzua comparte con algunas compa\u00f1eras y las diferencias pol\u00edticas convergen en el auditorio, con Arturo Alvarado y Abel G\u00f3mez Cano como prueba de lo anterior. En el deporte cabemos todos y en el gimnasio no cabe nadie m\u00e1s.<\/p>\n<p>Las luces se apagan y los jugadores hacen su entrada a la duela de la mano de los ni\u00f1os. Cu\u00e1ntos de ellos no hab\u00edan nacido o tendr\u00edan escasos dos o tres a\u00f1os, desde la \u00faltima vez en la que un juego de baloncesto nos reuni\u00f3 a todos los que estamos aqu\u00ed, con aquellos cimarrones que tuvieron un paso ef\u00edmero por nuestra ciudad.<\/p>\n<p>El gimnasio, al menos hoy, luce ya insuficiente.<\/p>\n<p>Son las ocho de la noche y estoy por concluir esta columna. Los proyectos nacen por y bajo distintas circunstancias. Los hay como anhelo personal y tambi\u00e9n como el beso de esos cuentos infantiles que reviv\u00eda a la protagonista dormida en el letargo y esperando despertar. El \u201cestadio\u201d de Ciudad Deportiva es lo primero. El \u201cTigre\u201d y los lobos que lo habitan, lucen como lo segundo.<\/p>\n<p><em>*El autor es Licenciado en Actividad F\u00edsica y Deporte por la UABC. Fue responsable de deporte asociado en el Instituto del Deporte de Baja California.\u00a0En la actualidad encabeza la coordinaci\u00f3n de educaci\u00f3n f\u00edsica en el Sistema Educativo Estatal.\u00a0Tambi\u00e9n preside el consejo directivo del Sal\u00f3n de la Fama del Deporte de Ensenada.<\/em><\/p>\n","protected":false},"excerpt":{"rendered":"","protected":false},"author":1,"featured_media":2908628,"comment_status":"open","ping_status":"closed","sticky":false,"template":"","format":"standard","meta":{"footnotes":""},"categories":[141],"tags":[888,865],"class_list":["post-2908627","post","type-post","status-publish","format-standard","has-post-thumbnail","hentry","category-columnas","tag-destacado2","tag-ribeiro"],"_links":{"self":[{"href":"https:\/\/agpnoticias.com\/news\/wp-json\/wp\/v2\/posts\/2908627","targetHints":{"allow":["GET"]}}],"collection":[{"href":"https:\/\/agpnoticias.com\/news\/wp-json\/wp\/v2\/posts"}],"about":[{"href":"https:\/\/agpnoticias.com\/news\/wp-json\/wp\/v2\/types\/post"}],"author":[{"embeddable":true,"href":"https:\/\/agpnoticias.com\/news\/wp-json\/wp\/v2\/users\/1"}],"replies":[{"embeddable":true,"href":"https:\/\/agpnoticias.com\/news\/wp-json\/wp\/v2\/comments?post=2908627"}],"version-history":[{"count":4,"href":"https:\/\/agpnoticias.com\/news\/wp-json\/wp\/v2\/posts\/2908627\/revisions"}],"predecessor-version":[{"id":2908633,"href":"https:\/\/agpnoticias.com\/news\/wp-json\/wp\/v2\/posts\/2908627\/revisions\/2908633"}],"wp:featuredmedia":[{"embeddable":true,"href":"https:\/\/agpnoticias.com\/news\/wp-json\/wp\/v2\/media\/2908628"}],"wp:attachment":[{"href":"https:\/\/agpnoticias.com\/news\/wp-json\/wp\/v2\/media?parent=2908627"}],"wp:term":[{"taxonomy":"category","embeddable":true,"href":"https:\/\/agpnoticias.com\/news\/wp-json\/wp\/v2\/categories?post=2908627"},{"taxonomy":"post_tag","embeddable":true,"href":"https:\/\/agpnoticias.com\/news\/wp-json\/wp\/v2\/tags?post=2908627"}],"curies":[{"name":"wp","href":"https:\/\/api.w.org\/{rel}","templated":true}]}}