{"id":2908634,"date":"2019-09-02T13:50:27","date_gmt":"2019-09-02T20:50:27","guid":{"rendered":"https:\/\/agpnoticias.com\/news\/?p=2908634"},"modified":"2019-09-03T18:21:05","modified_gmt":"2019-09-04T01:21:05","slug":"gael-y-memo-lideres-de-los-zorros-del-cetys-ensenada-rumbo-a-la-temporada-2019","status":"publish","type":"post","link":"https:\/\/agpnoticias.com\/news\/gael-y-memo-lideres-de-los-zorros-del-cetys-ensenada-rumbo-a-la-temporada-2019\/","title":{"rendered":"Gael y Memo, l\u00edderes de los Zorros del CETYS Ensenada rumbo a la temporada 2019"},"content":{"rendered":"\n<p>Ensenada, Baja California.- Guillermo Galv\u00e1n Rub\u00ed y Gael Isaac Su\u00e1rez Alvarado lideran el grupo de jugadores de los Zorros del CETYS de Ensenada que est\u00e1n por iniciar la temporada 2019 de la Organizaci\u00f3n Estudiantil de Futbol Americano (OEFA).<\/p>\n<p>\u201cTenemos un buen grupo, no tan grande pero s\u00ed con muchas ganas de jugar\u201d, dijo Memo Galv\u00e1n.<\/p>\n<p>Con un plantel renovado y como parte de los siete elementos que se mantienen en relaci\u00f3n a la temporada anterior, el capit\u00e1n de la defensiva asumi\u00f3 su rol en t\u00e9rminos de experiencia.<\/p>\n<p>\u201cPara m\u00ed s\u00ed es una responsabilidad ya que tenemos que ayudar a los compa\u00f1eros en el campo y transmitirles el mensaje de que queremos llegar m\u00e1s alto que la temporada pasada buscando mejorar\u201d, afirm\u00f3 el estudiante de quinto semestre de bachillerato.<\/p>\n<p>Sobre los jugadores reclutados, el ex integrante de \u00c1guilas Marinas, dijo: \u201cSiento muy bien al equipo, empatamos contra un equipo que la temporada pasada nos arroll\u00f3 (\u00c1guilas) y estamos m\u00e1s unidos y eso nos puede llevar lejos\u201d.<\/p>\n<p>\u201cLlegu\u00e9 en tercer semestre por medio del coach Juan Carlos, con quien juego por primera vez, a este equipo muy formal, muy disciplinado\u201d, explic\u00f3 en referencia su inter\u00e9s por sumarse a las filas de CETYS.<\/p>\n<p>Por su parte, Gael Su\u00e1rez consider\u00f3 que en su caso aporta liderazgo a los Zorros, \u201csiempre tratando de mantener la comunicaci\u00f3n con los compa\u00f1eros\u201d.<\/p>\n<p>\u201cSoy corredor y linebacker y creo que esta temporada contamos con un mejor juego a\u00e9reo porque llegaron jugadores con experiencia, adem\u00e1s de que los corredores novatos tienen buen nivel\u201d, evalu\u00f3.<\/p>\n<p>El capit\u00e1n ofensivo de los Zorros destac\u00f3 \u201cel compa\u00f1erismo que se ha sentido desde la pretemporada para mejorar lo hecho el a\u00f1o pasado\u201d.<\/p>\n<p>Y sobre el hecho de ser becado por CETYS, consider\u00f3 que \u201ces un reconocimiento\u201d.<\/p>\n<p>\u201cAntes jugaba en otro equipo, fui a los tryouts, me fue buen y el coach me ofreci\u00f3 la beca. Para m\u00ed significa mucho porque era lo que buscaba: ser reconocido por mis m\u00e9ritos\u201d, concluy\u00f3.<\/p>\n","protected":false},"excerpt":{"rendered":"","protected":false},"author":1,"featured_media":2908635,"comment_status":"open","ping_status":"closed","sticky":false,"template":"","format":"standard","meta":{"footnotes":""},"categories":[879,33],"tags":[888],"class_list":["post-2908634","post","type-post","status-publish","format-standard","has-post-thumbnail","hentry","category-cetys-universidad","category-futbol-americano","tag-destacado2"],"_links":{"self":[{"href":"https:\/\/agpnoticias.com\/news\/wp-json\/wp\/v2\/posts\/2908634","targetHints":{"allow":["GET"]}}],"collection":[{"href":"https:\/\/agpnoticias.com\/news\/wp-json\/wp\/v2\/posts"}],"about":[{"href":"https:\/\/agpnoticias.com\/news\/wp-json\/wp\/v2\/types\/post"}],"author":[{"embeddable":true,"href":"https:\/\/agpnoticias.com\/news\/wp-json\/wp\/v2\/users\/1"}],"replies":[{"embeddable":true,"href":"https:\/\/agpnoticias.com\/news\/wp-json\/wp\/v2\/comments?post=2908634"}],"version-history":[{"count":2,"href":"https:\/\/agpnoticias.com\/news\/wp-json\/wp\/v2\/posts\/2908634\/revisions"}],"predecessor-version":[{"id":2908638,"href":"https:\/\/agpnoticias.com\/news\/wp-json\/wp\/v2\/posts\/2908634\/revisions\/2908638"}],"wp:featuredmedia":[{"embeddable":true,"href":"https:\/\/agpnoticias.com\/news\/wp-json\/wp\/v2\/media\/2908635"}],"wp:attachment":[{"href":"https:\/\/agpnoticias.com\/news\/wp-json\/wp\/v2\/media?parent=2908634"}],"wp:term":[{"taxonomy":"category","embeddable":true,"href":"https:\/\/agpnoticias.com\/news\/wp-json\/wp\/v2\/categories?post=2908634"},{"taxonomy":"post_tag","embeddable":true,"href":"https:\/\/agpnoticias.com\/news\/wp-json\/wp\/v2\/tags?post=2908634"}],"curies":[{"name":"wp","href":"https:\/\/api.w.org\/{rel}","templated":true}]}}