{"id":2908968,"date":"2019-09-13T15:27:09","date_gmt":"2019-09-13T22:27:09","guid":{"rendered":"https:\/\/agpnoticias.com\/news\/?p=2908968"},"modified":"2019-09-15T10:25:29","modified_gmt":"2019-09-15T17:25:29","slug":"isaac-nunez-farfan-atiende-invitacion-de-ensenada-lobos-antes-de-ir-por-medalla-y-clasificacion-olimpica-al-mundial-aleman","status":"publish","type":"post","link":"https:\/\/agpnoticias.com\/news\/isaac-nunez-farfan-atiende-invitacion-de-ensenada-lobos-antes-de-ir-por-medalla-y-clasificacion-olimpica-al-mundial-aleman\/","title":{"rendered":"Isaac N\u00fa\u00f1ez Farf\u00e1n atiende invitaci\u00f3n de Ensenada Lobos antes de ir por medalla y clasificaci\u00f3n ol\u00edmpica al mundial alem\u00e1n"},"content":{"rendered":"\n<p>Ensenada, Baja California.- Parec\u00eda m\u00e1s ansioso que cuando lo de Lima.<\/p>\n<p>\u201cEstoy emocionado y un poco nervioso, no juego mucho al basquet, pero a ver qu\u00e9 pasa\u201d. Y pas\u00f3.\u00a0No encest\u00f3 su primer lanzamiento. Tampoco lo consigui\u00f3 en el segundo intento.<\/p>\n<p>Del mismo modo la afici\u00f3n presente al segundo encuentro en casa del equipo Ensenada Lobos, militante del circuito Cibapac, lo recompens\u00f3 por lo hecho en lo suyo semanas atr\u00e1s, la gimnasia art\u00edstica.<\/p>\n<p>Isaac N\u00fa\u00f1ez Farf\u00e1n asisti\u00f3 al gimnasio municipal \u00d3scar \u201cTigre\u201d Garc\u00eda a un par de d\u00edas de trasladarse a Portugal. All\u00ed disputar\u00e1 una competencia previa al Campeonato del Mundo de Stuttgart, programado a partir del 13 de octubre.<\/p>\n<p><img fetchpriority=\"high\" decoding=\"async\" class=\"aligncenter size-full wp-image-2908970\" src=\"https:\/\/agpnoticias.com\/news\/wp-content\/uploads\/2019\/09\/GR_9648-e1568411298207.jpg\" alt=\"\" width=\"600\" height=\"430\" \/><\/p>\n<p>El ganador de la medalla de oro en los Juegos Panamericanos Lima 2019 espera repetir el logro tanto en la copa portuguesa como en la justa mundialista que entregar\u00e1 pases a los Juegos Ol\u00edmpicos Tokio 2020.<\/p>\n<p>\u201cEl domingo partimos a Portugal a una copa de especialistas que empieza el 19 y yo voy en barras paralelas, barra fija y caballo con arzones como preparaci\u00f3n al Campeonato del Mundo. Nos concentraremos para de ah\u00ed partir a Alemania\u201d, adelant\u00f3.<\/p>\n<p>En Portugal ser\u00e1n definidos tres de los cuatro gimnastas que competir\u00e1n en el concurso all around durante el Campeonato del Mundo.<\/p>\n<p>\u201cEstoy emocionado de tener la oportunidad de competir en mi segundo mundial, que es m\u00e1s importante por ser clasificatorio a Juegos Ol\u00edmpicos. La tirada es clasificar entre los primeros 24 all around y ser finalista en barras paralelas\u201d, apunt\u00f3.<\/p>\n<p>La selecci\u00f3n mexicana es completada por el dos veces ol\u00edmpico Daniel Corral, Kevin Cerda y el tambi\u00e9n ganador de oro panamericano en Lima, Fabi\u00e1n de Luna.<\/p>\n","protected":false},"excerpt":{"rendered":"","protected":false},"author":1,"featured_media":2908969,"comment_status":"open","ping_status":"closed","sticky":false,"template":"","format":"standard","meta":{"footnotes":""},"categories":[46],"tags":[888,691],"class_list":["post-2908968","post","type-post","status-publish","format-standard","has-post-thumbnail","hentry","category-gimnasia","tag-destacado2","tag-especiales"],"_links":{"self":[{"href":"https:\/\/agpnoticias.com\/news\/wp-json\/wp\/v2\/posts\/2908968","targetHints":{"allow":["GET"]}}],"collection":[{"href":"https:\/\/agpnoticias.com\/news\/wp-json\/wp\/v2\/posts"}],"about":[{"href":"https:\/\/agpnoticias.com\/news\/wp-json\/wp\/v2\/types\/post"}],"author":[{"embeddable":true,"href":"https:\/\/agpnoticias.com\/news\/wp-json\/wp\/v2\/users\/1"}],"replies":[{"embeddable":true,"href":"https:\/\/agpnoticias.com\/news\/wp-json\/wp\/v2\/comments?post=2908968"}],"version-history":[{"count":3,"href":"https:\/\/agpnoticias.com\/news\/wp-json\/wp\/v2\/posts\/2908968\/revisions"}],"predecessor-version":[{"id":2908978,"href":"https:\/\/agpnoticias.com\/news\/wp-json\/wp\/v2\/posts\/2908968\/revisions\/2908978"}],"wp:featuredmedia":[{"embeddable":true,"href":"https:\/\/agpnoticias.com\/news\/wp-json\/wp\/v2\/media\/2908969"}],"wp:attachment":[{"href":"https:\/\/agpnoticias.com\/news\/wp-json\/wp\/v2\/media?parent=2908968"}],"wp:term":[{"taxonomy":"category","embeddable":true,"href":"https:\/\/agpnoticias.com\/news\/wp-json\/wp\/v2\/categories?post=2908968"},{"taxonomy":"post_tag","embeddable":true,"href":"https:\/\/agpnoticias.com\/news\/wp-json\/wp\/v2\/tags?post=2908968"}],"curies":[{"name":"wp","href":"https:\/\/api.w.org\/{rel}","templated":true}]}}