{"id":2910013,"date":"2019-10-21T14:23:09","date_gmt":"2019-10-21T21:23:09","guid":{"rendered":"https:\/\/agpnoticias.com\/news\/?p=2910013"},"modified":"2019-10-22T14:27:06","modified_gmt":"2019-10-22T21:27:06","slug":"marcelo-elusich-deja-la-direccion-de-ensenada-lobos","status":"publish","type":"post","link":"https:\/\/agpnoticias.com\/news\/marcelo-elusich-deja-la-direccion-de-ensenada-lobos\/","title":{"rendered":"Marcelo Elusich deja la direcci\u00f3n de Ensenada Lobos"},"content":{"rendered":"\n<p>Ensenada, Baja California.- Marcelo Rafael Elusich ha dejado de ser el entrenador de Ensenada Lobos.<\/p>\n<p>El coach de origen argentino se va del equipo debutante de Cibapac con buenas cuentas como sub l\u00edder de la Conferencia Oeste con r\u00e9cord de 13-5.<\/p>\n<p>Antes de su partida, dijo sentirse \u00abAgradecido por la oportunidad\u00bb que le brind\u00f3 la directiva local.<\/p>\n<p>Su destino prefiri\u00f3 reservarlo hasta confirmar el v\u00ednculo de manera formal.<\/p>\n<p>Este d\u00eda, Elusich se despidi\u00f3 de sus jugadores para volar el martes por la ma\u00f1ana a su pr\u00f3ximo destino.<\/p>\n<p>La directiva de Ensenada Lobos har\u00e1 oficial la informaci\u00f3n durante el lunes.<\/p>\n","protected":false},"excerpt":{"rendered":"","protected":false},"author":1,"featured_media":2910014,"comment_status":"open","ping_status":"closed","sticky":false,"template":"","format":"standard","meta":{"footnotes":""},"categories":[35],"tags":[888,878],"class_list":["post-2910013","post","type-post","status-publish","format-standard","has-post-thumbnail","hentry","category-basquetbol","tag-destacado2","tag-tendencias"],"_links":{"self":[{"href":"https:\/\/agpnoticias.com\/news\/wp-json\/wp\/v2\/posts\/2910013","targetHints":{"allow":["GET"]}}],"collection":[{"href":"https:\/\/agpnoticias.com\/news\/wp-json\/wp\/v2\/posts"}],"about":[{"href":"https:\/\/agpnoticias.com\/news\/wp-json\/wp\/v2\/types\/post"}],"author":[{"embeddable":true,"href":"https:\/\/agpnoticias.com\/news\/wp-json\/wp\/v2\/users\/1"}],"replies":[{"embeddable":true,"href":"https:\/\/agpnoticias.com\/news\/wp-json\/wp\/v2\/comments?post=2910013"}],"version-history":[{"count":4,"href":"https:\/\/agpnoticias.com\/news\/wp-json\/wp\/v2\/posts\/2910013\/revisions"}],"predecessor-version":[{"id":2910019,"href":"https:\/\/agpnoticias.com\/news\/wp-json\/wp\/v2\/posts\/2910013\/revisions\/2910019"}],"wp:featuredmedia":[{"embeddable":true,"href":"https:\/\/agpnoticias.com\/news\/wp-json\/wp\/v2\/media\/2910014"}],"wp:attachment":[{"href":"https:\/\/agpnoticias.com\/news\/wp-json\/wp\/v2\/media?parent=2910013"}],"wp:term":[{"taxonomy":"category","embeddable":true,"href":"https:\/\/agpnoticias.com\/news\/wp-json\/wp\/v2\/categories?post=2910013"},{"taxonomy":"post_tag","embeddable":true,"href":"https:\/\/agpnoticias.com\/news\/wp-json\/wp\/v2\/tags?post=2910013"}],"curies":[{"name":"wp","href":"https:\/\/api.w.org\/{rel}","templated":true}]}}