{"id":2910027,"date":"2019-10-21T17:08:44","date_gmt":"2019-10-22T00:08:44","guid":{"rendered":"https:\/\/agpnoticias.com\/news\/?p=2910027"},"modified":"2019-10-22T16:01:26","modified_gmt":"2019-10-22T23:01:26","slug":"directiva-de-ensenada-lobos-confirma-salida-de-elusich","status":"publish","type":"post","link":"https:\/\/agpnoticias.com\/news\/directiva-de-ensenada-lobos-confirma-salida-de-elusich\/","title":{"rendered":"Directiva de Ensenada Lobos confirma salida de Elusich"},"content":{"rendered":"\n<p>Ensenada, Baja California.- La directiva de Ensenada Lobos public\u00f3 un comunicado en el que confirma la salida de su entrenador Marcelo Rafael Elusich, a quien sus integrantes agradecen el trabajo hecho colocando al equipo en el sub liderato de la Conferencia Oeste de Cibapac.<\/p>\n<p>Este lunes, el coach de origen argentino se despidi\u00f3 de los jugadores a los que dirigi\u00f3 desde agosto y hasta la gira de viernes y s\u00e1bado por Los Cabos y La Paz hasta registrar un r\u00e9cord de 14-5.<\/p>\n<p>Su partida se debe a una propuesta de una organizaci\u00f3n que el t\u00e9cnico dar\u00e1 a conocer en cuanto firme el contrato que lo vincular\u00e1 a su siguiente proyecto deportivo.<\/p>\n<p><a href=\"https:\/\/agpnoticias.com\/news\/wp-content\/uploads\/2019\/10\/75279310_932663230445680_1108931659287232512_o-1-e1571702912549.jpg\"><img fetchpriority=\"high\" decoding=\"async\" class=\"aligncenter size-full wp-image-2910029\" src=\"https:\/\/agpnoticias.com\/news\/wp-content\/uploads\/2019\/10\/75279310_932663230445680_1108931659287232512_o-1-e1571702912549.jpg\" alt=\"\" width=\"800\" height=\"519\" \/><\/a><\/p>\n","protected":false},"excerpt":{"rendered":"","protected":false},"author":1,"featured_media":2910028,"comment_status":"open","ping_status":"closed","sticky":false,"template":"","format":"standard","meta":{"footnotes":""},"categories":[35],"tags":[888,878],"class_list":["post-2910027","post","type-post","status-publish","format-standard","has-post-thumbnail","hentry","category-basquetbol","tag-destacado2","tag-tendencias"],"_links":{"self":[{"href":"https:\/\/agpnoticias.com\/news\/wp-json\/wp\/v2\/posts\/2910027","targetHints":{"allow":["GET"]}}],"collection":[{"href":"https:\/\/agpnoticias.com\/news\/wp-json\/wp\/v2\/posts"}],"about":[{"href":"https:\/\/agpnoticias.com\/news\/wp-json\/wp\/v2\/types\/post"}],"author":[{"embeddable":true,"href":"https:\/\/agpnoticias.com\/news\/wp-json\/wp\/v2\/users\/1"}],"replies":[{"embeddable":true,"href":"https:\/\/agpnoticias.com\/news\/wp-json\/wp\/v2\/comments?post=2910027"}],"version-history":[{"count":2,"href":"https:\/\/agpnoticias.com\/news\/wp-json\/wp\/v2\/posts\/2910027\/revisions"}],"predecessor-version":[{"id":2910049,"href":"https:\/\/agpnoticias.com\/news\/wp-json\/wp\/v2\/posts\/2910027\/revisions\/2910049"}],"wp:featuredmedia":[{"embeddable":true,"href":"https:\/\/agpnoticias.com\/news\/wp-json\/wp\/v2\/media\/2910028"}],"wp:attachment":[{"href":"https:\/\/agpnoticias.com\/news\/wp-json\/wp\/v2\/media?parent=2910027"}],"wp:term":[{"taxonomy":"category","embeddable":true,"href":"https:\/\/agpnoticias.com\/news\/wp-json\/wp\/v2\/categories?post=2910027"},{"taxonomy":"post_tag","embeddable":true,"href":"https:\/\/agpnoticias.com\/news\/wp-json\/wp\/v2\/tags?post=2910027"}],"curies":[{"name":"wp","href":"https:\/\/api.w.org\/{rel}","templated":true}]}}