{"id":2910037,"date":"2019-10-22T12:44:28","date_gmt":"2019-10-22T19:44:28","guid":{"rendered":"https:\/\/agpnoticias.com\/news\/?p=2910037"},"modified":"2019-10-22T23:22:42","modified_gmt":"2019-10-23T06:22:42","slug":"ex-coach-de-ensenada-lobos-trabajara-en-la-laguna","status":"publish","type":"post","link":"https:\/\/agpnoticias.com\/news\/ex-coach-de-ensenada-lobos-trabajara-en-la-laguna\/","title":{"rendered":"Ex coach de Ensenada Lobos trabajar\u00e1 en la Laguna"},"content":{"rendered":"\n<p>Ensenada, Baja California.- Desde el lunes todos lo sab\u00edan. Pero el ahora ex entrenador de Ensenada Lobos, Marcelo Rafael Elusich, solicit\u00f3 discreci\u00f3n hasta no sellar su v\u00ednculo con el equipo de la Liga Nacional de Baloncesto Profesional, Laguneros de la Comarca.<\/p>\n<p>Lo hizo este martes. Viaj\u00f3 de Tijuana a la Laguna alrededor de las 6:00 horas y m\u00e1s tarde el equipo que se encuentra al fondo de Divisi\u00f3n Este de la LNBP, con r\u00e9cord de 1-13, lo present\u00f3 como su nuevo responsable t\u00e9cnico.<\/p>\n<p>\u201cMe voy agradecido de Ensenada por el trato de la directiva. El equipo (Laguneros) est\u00e1 en problemas (de rendimiento), pero es una buena oportunidad en todos sentidos por ser liga nacional, adem\u00e1s de que podr\u00edamos crear un proyecto a futuro para la pr\u00f3xima temporada\u201d, dijo.<\/p>\n<p>Marcelo Elusich dej\u00f3 a Ensenada Lobos en el sub liderato de la Conferencia Oeste de Cibapac con 14-5.<\/p>\n","protected":false},"excerpt":{"rendered":"","protected":false},"author":1,"featured_media":2910038,"comment_status":"open","ping_status":"closed","sticky":false,"template":"","format":"standard","meta":{"footnotes":""},"categories":[35],"tags":[888,878],"class_list":["post-2910037","post","type-post","status-publish","format-standard","has-post-thumbnail","hentry","category-basquetbol","tag-destacado2","tag-tendencias"],"_links":{"self":[{"href":"https:\/\/agpnoticias.com\/news\/wp-json\/wp\/v2\/posts\/2910037","targetHints":{"allow":["GET"]}}],"collection":[{"href":"https:\/\/agpnoticias.com\/news\/wp-json\/wp\/v2\/posts"}],"about":[{"href":"https:\/\/agpnoticias.com\/news\/wp-json\/wp\/v2\/types\/post"}],"author":[{"embeddable":true,"href":"https:\/\/agpnoticias.com\/news\/wp-json\/wp\/v2\/users\/1"}],"replies":[{"embeddable":true,"href":"https:\/\/agpnoticias.com\/news\/wp-json\/wp\/v2\/comments?post=2910037"}],"version-history":[{"count":2,"href":"https:\/\/agpnoticias.com\/news\/wp-json\/wp\/v2\/posts\/2910037\/revisions"}],"predecessor-version":[{"id":2910047,"href":"https:\/\/agpnoticias.com\/news\/wp-json\/wp\/v2\/posts\/2910037\/revisions\/2910047"}],"wp:featuredmedia":[{"embeddable":true,"href":"https:\/\/agpnoticias.com\/news\/wp-json\/wp\/v2\/media\/2910038"}],"wp:attachment":[{"href":"https:\/\/agpnoticias.com\/news\/wp-json\/wp\/v2\/media?parent=2910037"}],"wp:term":[{"taxonomy":"category","embeddable":true,"href":"https:\/\/agpnoticias.com\/news\/wp-json\/wp\/v2\/categories?post=2910037"},{"taxonomy":"post_tag","embeddable":true,"href":"https:\/\/agpnoticias.com\/news\/wp-json\/wp\/v2\/tags?post=2910037"}],"curies":[{"name":"wp","href":"https:\/\/api.w.org\/{rel}","templated":true}]}}