{"id":2913426,"date":"2020-02-29T18:44:00","date_gmt":"2020-03-01T02:44:00","guid":{"rendered":"https:\/\/agpnoticias.com\/news\/?p=2913426"},"modified":"2020-03-01T12:26:25","modified_gmt":"2020-03-01T20:26:25","slug":"equipo-femenil-la-ensenada-viajara-a-espana-para-competir-en-un-campeonato-internacional","status":"publish","type":"post","link":"https:\/\/agpnoticias.com\/news\/equipo-femenil-la-ensenada-viajara-a-espana-para-competir-en-un-campeonato-internacional\/","title":{"rendered":"Equipo femenil LA Ensenada viajar\u00e1 a Espa\u00f1a para competir en un campeonato internacional"},"content":{"rendered":"<p>Ensenada, Baja California.- El equipo LA Ensenada acept\u00f3 la invitaci\u00f3n para participar en el primer campeonato intercontinental promovido por European Futsal Association, 27 al 30 de mayo en Vitoria, Espa\u00f1a.<\/p>\n<p>Sa\u00fal Eduardo Corral Almaraz present\u00f3 este s\u00e1bado a la delegaci\u00f3n de 20 elementos, entre cuerpo t\u00e9cnico y jugadoras, para viajar rumbo a la competencia en la que est\u00e1n confirmados planteles de<\/p>\n<p>\u201cTenemos la invitaci\u00f3n al torneo intercontinental, primero de la EFA, que puede ser una competencia piloto pero con proyecci\u00f3n. La invitaci\u00f3n lleg\u00f3 gracias a las redes sociales, vieron nuestra p\u00e1gina y en diciembre establecieron la comunicaci\u00f3n\u201d, dijo el t\u00e9cnico.<\/p>\n<p>La jugadora Sheila Mac\u00edas fue la principal promotora del conjunto capitaneado por Maribel Jara y cuyo staff de t\u00e9cnico es completado por la auxiliar Luna Vega, el entrenador de porteros C\u00e9sar Iribe y el preparador f\u00edsico Orlando Espinoza.<\/p>\n<p>LA Ensenada cuenta con un campeonato nacional y cuatro a\u00f1os de historial dentro del futbol de sal\u00f3n como referente de la rama femenil, seg\u00fan lo dicho por sus integrantes en la rueda de prensa a la que tambi\u00e9n asisti\u00f3 el regidor Ra\u00fal Vera.<\/p>\n<p><a href=\"https:\/\/agpnoticias.com\/news\/equipo-femenil-la-ensenada-viajara-a-espana-para-competir-en-un-campeonato-internacional\/dsc_0009_1\/\" rel=\"attachment wp-att-2913431\"><img fetchpriority=\"high\" decoding=\"async\" class=\"aligncenter size-full wp-image-2913431\" src=\"https:\/\/agpnoticias.com\/news\/wp-content\/uploads\/2020\/02\/DSC_0009_1-e1583030633366.jpg\" alt=\"\" width=\"600\" height=\"400\"><\/a><\/p>\n<p>Sa\u00fal Eduardo Corral, acompa\u00f1ado del regidor Ra\u00fal Vera, ponder\u00f3 que el futsal femenil tambi\u00e9n existe y posee la calidad para aspirar a puestos sobresalientes en Espa\u00f1a.<\/p>\n<p>El entrenador y sus dirigidas solicitaron el apoyo de la comunidad a trav\u00e9s de las redes sociales para sortear gastos del traslado, adem\u00e1s de que continuar\u00e1n realizando eventos recaudatorias que ser\u00e1n anunciados en su oportunidad.<\/p>\n<p>En la presentaci\u00f3n estuvieron las jugadoras Mariel Ch\u00e1vez, Maribel Jara, Ilse Morales, Eleny Tafoya, Alejandra Garza, Dinorah Anaya, Cecilia Duarte, Sheila Mac\u00edas, Lizette M\u00e1rquez y Liliana G\u00f3mez.<\/p>\n<p>Otras jugadoras que no pudieron presentarse por diferentes compromisos son: Adriana Garc\u00eda, Isamar Maravilla, Erika Soto y Liz Mac\u00edas.<\/p>\n<p>Los entrenamientos son por las tardes en el deportivo Sullivan, adem\u00e1s de la disputa de encuentros de preparaci\u00f3n.<\/p>\n","protected":false},"excerpt":{"rendered":"<p>Ensenada, Baja California.- El equipo LA Ensenada acept\u00f3 la invitaci\u00f3n para participar en el primer&#8230;<\/p>\n","protected":false},"author":1,"featured_media":2913429,"comment_status":"open","ping_status":"closed","sticky":false,"template":"","format":"standard","meta":{"footnotes":""},"categories":[706],"tags":[888],"class_list":["post-2913426","post","type-post","status-publish","format-standard","has-post-thumbnail","hentry","category-futsal","tag-destacado2"],"_links":{"self":[{"href":"https:\/\/agpnoticias.com\/news\/wp-json\/wp\/v2\/posts\/2913426","targetHints":{"allow":["GET"]}}],"collection":[{"href":"https:\/\/agpnoticias.com\/news\/wp-json\/wp\/v2\/posts"}],"about":[{"href":"https:\/\/agpnoticias.com\/news\/wp-json\/wp\/v2\/types\/post"}],"author":[{"embeddable":true,"href":"https:\/\/agpnoticias.com\/news\/wp-json\/wp\/v2\/users\/1"}],"replies":[{"embeddable":true,"href":"https:\/\/agpnoticias.com\/news\/wp-json\/wp\/v2\/comments?post=2913426"}],"version-history":[{"count":5,"href":"https:\/\/agpnoticias.com\/news\/wp-json\/wp\/v2\/posts\/2913426\/revisions"}],"predecessor-version":[{"id":2913462,"href":"https:\/\/agpnoticias.com\/news\/wp-json\/wp\/v2\/posts\/2913426\/revisions\/2913462"}],"wp:featuredmedia":[{"embeddable":true,"href":"https:\/\/agpnoticias.com\/news\/wp-json\/wp\/v2\/media\/2913429"}],"wp:attachment":[{"href":"https:\/\/agpnoticias.com\/news\/wp-json\/wp\/v2\/media?parent=2913426"}],"wp:term":[{"taxonomy":"category","embeddable":true,"href":"https:\/\/agpnoticias.com\/news\/wp-json\/wp\/v2\/categories?post=2913426"},{"taxonomy":"post_tag","embeddable":true,"href":"https:\/\/agpnoticias.com\/news\/wp-json\/wp\/v2\/tags?post=2913426"}],"curies":[{"name":"wp","href":"https:\/\/api.w.org\/{rel}","templated":true}]}}