{"id":2914911,"date":"2020-05-09T16:52:50","date_gmt":"2020-05-09T23:52:50","guid":{"rendered":"https:\/\/agpnoticias.com\/news\/?p=2914911"},"modified":"2020-05-09T16:52:53","modified_gmt":"2020-05-09T23:52:53","slug":"como-esta-raul-ramirez-responde-su-esposa-maritza-sayalero","status":"publish","type":"post","link":"https:\/\/agpnoticias.com\/news\/como-esta-raul-ramirez-responde-su-esposa-maritza-sayalero\/","title":{"rendered":"\u00bfC\u00f3mo est\u00e1 Ra\u00fal Ram\u00edrez?, responde su esposa Maritza Sayalero"},"content":{"rendered":"\n<p>Ensenada, Baja California.- En Ensenada naci\u00f3 la gloria del tenis mexicano, Ra\u00fal Ram\u00edrez.<\/p>\n<p>Pero en la ciudad no existe testimonio del hecho: ni una calle, ni un busto, ni su nombre en alg\u00fan espacio deportivo.<\/p>\n<p>De un tiempo a la fecha, el n\u00famero uno en dobles durante la d\u00e9cada de los a\u00f1os setenta se ha apartado del ojo p\u00fablico; \u00bfcu\u00e1l es su estado de salud?, \u00bfqu\u00e9 piensa de los homenajes?<\/p>\n<p>Qui\u00e9n mejor que su esposa Maritza Sayalero, Miss Universo 1979 por su natal Venezuela, y protagonista de uno de los acontecimientos de mayor impacto en la vida social de Ensenada (su boda con Ra\u00fal, a principios de los ochenta) para disipar dudas, \u201cmitos y malas informaciones difundidas en redes (sociales)\u201d.<\/p>\n<p>\u201cHan llegado a decir que padece Parkinson y Alzheimer, lo que ser\u00eda una bomba, pero no es as\u00ed. Ra\u00fal est\u00e1 estupendamente. Lo que tiene desde hace cinco a\u00f1os es Parkinson, un Parkinson de leve a moderado\u201d, explic\u00f3.<\/p>\n<p>En ese sentido, precis\u00f3 que \u201cel Parkinson le peg\u00f3 en algunas cosas como el habla y por eso est\u00e1 aislado\u201d, sin embargo, \u201ces una persona independiente que realiza todas sus actividades, juega tenis, pelotea, camina\u201d.<\/p>\n<p>\u201cEl Parkinson est\u00e1 siendo nuestro amigo y no nuestro enemigo. Estamos aprendiendo a valorar muchas cosas. Es lo que nos toc\u00f3 y hay que tomar al toro por los cuernos.<\/p>\n<p>\u201cEstoy muy orgullosa de mi marido, por la forma en que ha llevado su enfermedad, levant\u00e1ndose todos los d\u00edas con entusiasmo, con \u00e1nimo de hacer cosas. Es un ejemplo y mis hijos y sus hermanas tambi\u00e9n est\u00e1n muy orgullosos de \u00e9l. Es un ejemplo a seguir\u201d, reconoci\u00f3.<\/p>\n<p>En cuanto a los homenajes inexistentes en la ciudad natal del tambi\u00e9n ex capit\u00e1n del equipo Copa Davis mexicano, aclar\u00f3: \u201cHan existido intenciones de muchas partes de M\u00e9xico, calles y canchas en otras ciudades, pero Ra\u00fal nunca ha tenido inter\u00e9s por eso\u201d.<\/p>\n<p>\u201cA \u00e9l lo que le gustaba era jugar tenis y que la gente se emocionara con sus triunfos. Nunca ha sido una persona de buscar reconocimientos, \u00e9l est\u00e1 muy en paz consigo mismo, orgulloso de ser mexicano y feliz de que mucha gente lo admire y lo considere \u00edcono, figura importante y mundial\u201d, agreg\u00f3.<\/p>\n<p>La m\u00e1s reciente intenci\u00f3n de homenajearlo fue durante la pasada administraci\u00f3n municipal presidida por el tambi\u00e9n ex tenista Marco Novelo, en el sentido de nombrar el bulevar Bucaneros en homenaje a \u00e9l, debido a que en esa direcci\u00f3n se encuentra la casa donde \u00e9l creci\u00f3.<\/p>\n<p>\u201cPero Ra\u00fal no estaba interesado y prefer\u00eda que no hicieran eso, que no era necesario incomodar (a los vecinos de esa calle) con los cambios de log\u00edstica. Tampoco le interesa alguna estatua\u201d, sostuvo.<\/p>\n<p>Y en caso de que la iniciativa promovida por integrantes de la sociedad civil prospera, \u201cestar\u00edamos como representantes mi hijo y yo, porque Ra\u00fal no estar\u00eda en persona\u201d.<\/p>\n<p>\u201cEso depender\u00e1 de quienes promuevan un homenaje y si llega a suceder, qu\u00e9 bonito. Pero no es algo que Ra\u00fal espera porque no duda del amor de la gente que lo admira\u201d, abund\u00f3.<\/p>\n<p><strong>La boda y la familia<\/strong><\/p>\n<p>En diciembre de 1980 se registr\u00f3 la boda entre el mejor tenista que ha dado M\u00e9xico y la primera Miss Universo que dio Venezuela. El hecho conmocion\u00f3 a Ensenada, la ciudad natal de \u00e9l, cuyo Santuario fue rodeado por miles de personas que asistieron a ser testigos del acontecimiento.<\/p>\n<p><a href=\"https:\/\/agpnoticias.com\/news\/como-esta-raul-ramirez-responde-su-esposa-maritza-sayalero\/img_0961\/\" rel=\"attachment wp-att-2914912\"><img fetchpriority=\"high\" decoding=\"async\" class=\"aligncenter size-full wp-image-2914912\" src=\"https:\/\/agpnoticias.com\/news\/wp-content\/uploads\/2020\/05\/IMG_0961-e1589068177735.jpg\" alt=\"\" width=\"600\" height=\"724\" \/><\/a><\/p>\n<p>Entonces, record\u00f3, hasta se corri\u00f3 el rumor de que el cantante venezolano Jos\u00e9 Luis Rodr\u00edguez, El Puma, ser\u00eda testigo. \u201cPero no fue as\u00ed\u201d. Del matrimonio que est\u00e1 por celebrar sus 40 a\u00f1os de uni\u00f3n nacieron tres hijos: Rebeca, Ra\u00fal y Daniel. Ninguno ligado al tenis profesional, pero los tres con conocimientos y experiencia formativa en el deporte donde brill\u00f3 su padre. Desde la boda hasta el d\u00eda de hoy, la pareja radica en Ensenada, donde se conocieron cuando ella, siendo Miss Universo, fue invitada a una reuni\u00f3n en la que Ra\u00fal estuvo como anfitri\u00f3n en el domicilio de los padres de \u00e9l. Un a\u00f1o despu\u00e9s, eran marido y mujer.<\/p>\n<p><strong>Reencuentro<\/strong><\/p>\n<p>Un hecho que motiv\u00f3 a Ra\u00fal Ram\u00edrez fue el reencuentro con Brian Gottfried, el tenista norteamericano con el que lider\u00f3 los dobles de la entonces WTC hasta ganar en conjunto 62 torneos, incluidos Roland Garros y Wimbledon.<\/p>\n<p><a href=\"https:\/\/agpnoticias.com\/news\/como-esta-raul-ramirez-responde-su-esposa-maritza-sayalero\/89417484_2484618578308770_8610199574847422464_n-2\/\" rel=\"attachment wp-att-2914916\"><img decoding=\"async\" class=\"aligncenter size-full wp-image-2914916\" src=\"https:\/\/agpnoticias.com\/news\/wp-content\/uploads\/2020\/05\/89417484_2484618578308770_8610199574847422464_n-e1589068358507.jpg\" alt=\"\" width=\"600\" height=\"401\" \/><\/a><\/p>\n<p>\u201cBrian le trajo videos de partidos muy importantes que ganaron y platicaron an\u00e9cdotas, historias, nos re\u00edmos, lloramos, fue algo muy \u00edntimo, muy bonito\u201d, relat\u00f3 sobre los tres d\u00edas que Gottfried estuvo en Ensenada un par de meses atr\u00e1s.<\/p>\n","protected":false},"excerpt":{"rendered":"","protected":false},"author":1,"featured_media":2914915,"comment_status":"open","ping_status":"closed","sticky":false,"template":"","format":"standard","meta":{"footnotes":""},"categories":[629],"tags":[595],"class_list":["post-2914911","post","type-post","status-publish","format-standard","has-post-thumbnail","hentry","category-tennis","tag-destacado"],"_links":{"self":[{"href":"https:\/\/agpnoticias.com\/news\/wp-json\/wp\/v2\/posts\/2914911","targetHints":{"allow":["GET"]}}],"collection":[{"href":"https:\/\/agpnoticias.com\/news\/wp-json\/wp\/v2\/posts"}],"about":[{"href":"https:\/\/agpnoticias.com\/news\/wp-json\/wp\/v2\/types\/post"}],"author":[{"embeddable":true,"href":"https:\/\/agpnoticias.com\/news\/wp-json\/wp\/v2\/users\/1"}],"replies":[{"embeddable":true,"href":"https:\/\/agpnoticias.com\/news\/wp-json\/wp\/v2\/comments?post=2914911"}],"version-history":[{"count":2,"href":"https:\/\/agpnoticias.com\/news\/wp-json\/wp\/v2\/posts\/2914911\/revisions"}],"predecessor-version":[{"id":2914918,"href":"https:\/\/agpnoticias.com\/news\/wp-json\/wp\/v2\/posts\/2914911\/revisions\/2914918"}],"wp:featuredmedia":[{"embeddable":true,"href":"https:\/\/agpnoticias.com\/news\/wp-json\/wp\/v2\/media\/2914915"}],"wp:attachment":[{"href":"https:\/\/agpnoticias.com\/news\/wp-json\/wp\/v2\/media?parent=2914911"}],"wp:term":[{"taxonomy":"category","embeddable":true,"href":"https:\/\/agpnoticias.com\/news\/wp-json\/wp\/v2\/categories?post=2914911"},{"taxonomy":"post_tag","embeddable":true,"href":"https:\/\/agpnoticias.com\/news\/wp-json\/wp\/v2\/tags?post=2914911"}],"curies":[{"name":"wp","href":"https:\/\/api.w.org\/{rel}","templated":true}]}}