{"id":2918266,"date":"2020-11-20T11:48:02","date_gmt":"2020-11-20T19:48:02","guid":{"rendered":"https:\/\/agpnoticias.com\/news\/?p=2918266"},"modified":"2020-11-20T11:50:48","modified_gmt":"2020-11-20T19:50:48","slug":"alcalde-de-ensenada-da-el-banderazo-de-salida-de-la-baja-1000","status":"publish","type":"post","link":"https:\/\/agpnoticias.com\/news\/alcalde-de-ensenada-da-el-banderazo-de-salida-de-la-baja-1000\/","title":{"rendered":"Entre medidas de seguridad contra el COVID-19, dan banderazo de salida a edici\u00f3n 53 de la Baja 1000"},"content":{"rendered":"\n<p><br>Ensenada, Baja California.- El presidente Armando Ayala Robles dio el banderazo de salida a los veh\u00edculos trophy truck que participan en la edici\u00f3n 53 de la carrera fuera de camino Baja 1000.<\/p>\n<p>El primer edil se traslad\u00f3 a la zona del libramiento de Ensenada, lugar en el que Score International realiz\u00f3 en forma previa las revisiones de entubados y mec\u00e1nica, con el fin de evitar aglomeraciones y posibles cadenas de contagio por el Coronavirus.&nbsp;<\/p>\n<p>Ayala Robles resalt\u00f3 que, a pesar de la pandemia, lograron organizarse el XXIII Ayuntamiento y la empresa para seguir las indicaciones de la Secretar\u00eda de Salud, logrando que no se perdiera esta tradici\u00f3n ensenandese y mantenerse el puerto como la Capital del Off-Road.<\/p>\n<p>Record\u00f3 que debido a la contingencia sanitaria le \u201cprestaron\u201d la carrera Baja 500 a San Felipe, pero se mostr\u00f3 confiado en que volver\u00e1 a Ensenada para el 2021.<\/p>\n<p>\u201cEs un gusto recibir a 180 equipos provenientes de 25 pa\u00edses. Los ensenadenses somos muy aficionados a las carreras fuera de carretera y tambi\u00e9n representa para el sector tur\u00edstico una derrama de 5 a 7 millones de d\u00f3lares, mismos que se generan desde hace un mes por las visitas y recorridos\u201d, coment\u00f3.<\/p>\n<p>Por \u00faltimo, invit\u00f3 a la comunidad a seguir las carreras desde las redes sociales, desde la seguridad de hogares y oficinas, o esperar la transmisi\u00f3n especial de ESPN programada para enero 2021, que tambi\u00e9n proyectar\u00e1 una vez m\u00e1s a Ensenada y Baja California a nivel internacional.<\/p>\n<p>Al banderazo de salida tambi\u00e9n acudieron Brenda Mendoza Kawanishi, directora de Desarrollo Econ\u00f3mico del XXIII Ayuntamiento, y Mario Escobedo Carignan, secretario de Econom\u00eda Sustentable y Turismo de Baja California, entre otros invitados especiales.<\/p>\n","protected":false},"excerpt":{"rendered":"","protected":false},"author":1,"featured_media":2918267,"comment_status":"open","ping_status":"closed","sticky":false,"template":"","format":"standard","meta":{"footnotes":""},"categories":[37],"tags":[595],"class_list":["post-2918266","post","type-post","status-publish","format-standard","has-post-thumbnail","hentry","category-off-road","tag-destacado"],"_links":{"self":[{"href":"https:\/\/agpnoticias.com\/news\/wp-json\/wp\/v2\/posts\/2918266","targetHints":{"allow":["GET"]}}],"collection":[{"href":"https:\/\/agpnoticias.com\/news\/wp-json\/wp\/v2\/posts"}],"about":[{"href":"https:\/\/agpnoticias.com\/news\/wp-json\/wp\/v2\/types\/post"}],"author":[{"embeddable":true,"href":"https:\/\/agpnoticias.com\/news\/wp-json\/wp\/v2\/users\/1"}],"replies":[{"embeddable":true,"href":"https:\/\/agpnoticias.com\/news\/wp-json\/wp\/v2\/comments?post=2918266"}],"version-history":[{"count":2,"href":"https:\/\/agpnoticias.com\/news\/wp-json\/wp\/v2\/posts\/2918266\/revisions"}],"predecessor-version":[{"id":2918269,"href":"https:\/\/agpnoticias.com\/news\/wp-json\/wp\/v2\/posts\/2918266\/revisions\/2918269"}],"wp:featuredmedia":[{"embeddable":true,"href":"https:\/\/agpnoticias.com\/news\/wp-json\/wp\/v2\/media\/2918267"}],"wp:attachment":[{"href":"https:\/\/agpnoticias.com\/news\/wp-json\/wp\/v2\/media?parent=2918266"}],"wp:term":[{"taxonomy":"category","embeddable":true,"href":"https:\/\/agpnoticias.com\/news\/wp-json\/wp\/v2\/categories?post=2918266"},{"taxonomy":"post_tag","embeddable":true,"href":"https:\/\/agpnoticias.com\/news\/wp-json\/wp\/v2\/tags?post=2918266"}],"curies":[{"name":"wp","href":"https:\/\/api.w.org\/{rel}","templated":true}]}}