{"id":2918273,"date":"2020-11-20T18:16:55","date_gmt":"2020-11-21T02:16:55","guid":{"rendered":"https:\/\/agpnoticias.com\/news\/?p=2918273"},"modified":"2020-11-20T18:16:57","modified_gmt":"2020-11-21T02:16:57","slug":"fallece-ernesto-canto-a-los-61-anos","status":"publish","type":"post","link":"https:\/\/agpnoticias.com\/news\/fallece-ernesto-canto-a-los-61-anos\/","title":{"rendered":"Fallece Ernesto Canto a los 61 a\u00f1os"},"content":{"rendered":"\n<p>Debido a complicaciones derivadas del c\u00e1ncer, el exmarchista y medallista ol\u00edmpico, Ernesto Canto, muri\u00f3 a los 61 a\u00f1os de edad.<\/p>\n<p>Canto salt\u00f3 a la fama cuando gan\u00f3 la medalla de oro en los Juegos Ol\u00edmpicos de Los \u00c1ngeles 84, en la prueba de caminata de 20 kil\u00f3metros. Un joven Ernesto Canto se inspir\u00f3 en la haza\u00f1a del &#8216;Sargento&#8217; Jos\u00e9 Pedraza quien gan\u00f3 la medalla de plata en los Ol\u00edmpicos de M\u00e9xico 1968.<\/p>\n<p>El Comit\u00e9 Ol\u00edmpico Mexicano confirm\u00f3 el deceso del hist\u00f3rico atleta mexicano.<\/p>\n<p><blockquote class=\"twitter-tweet\" data-width=\"550\" data-dnt=\"true\"><p lang=\"es\" dir=\"ltr\">La <a href=\"https:\/\/twitter.com\/hashtag\/FamiliaOl%C3%ADmpica?src=hash&amp;ref_src=twsrc%5Etfw\">#FamiliaOl\u00edmpica<\/a> mexicana lamenta el deceso de <a href=\"https:\/\/twitter.com\/ErnestoCantoG?ref_src=twsrc%5Etfw\">@ErnestoCantoG<\/a>, Miembro del Comit\u00e9 Ejecutivo del COM y un \u00edcono de la marcha mundial; gan\u00f3 todo y se consagr\u00f3 con el oro obtenido en los 20 km de los JO Los \u00c1ngeles 84.<br>Le deseamos a sus seres queridos pronta resignaci\u00f3n. QEPD <a href=\"https:\/\/t.co\/0NuyGMw5Gy\">pic.twitter.com\/0NuyGMw5Gy<\/a><\/p>&mdash; Comit\u00e9 Ol\u00edmpico Mexicano (@COM_Mexico) <a href=\"https:\/\/twitter.com\/COM_Mexico\/status\/1329878154052308992?ref_src=twsrc%5Etfw\">November 20, 2020<\/a><\/blockquote><script async src=\"https:\/\/platform.twitter.com\/widgets.js\" charset=\"utf-8\"><\/script><\/p>\n<p>\u00abLa #FamiliaOl\u00edmpica mexicana lamenta el deceso de Ernesto Canto, Miembro del Comit\u00e9 Ejecutivo del COM y un \u00edcono de la marcha mundial; gan\u00f3 todo y se consagr\u00f3 con el oro obtenido en los 20 km de los JO Los \u00c1ngeles 84\u00bb, escribieron en redes.<\/p>\n<p>Desde temprana edad se vio que Cant\u00f3 ten\u00eda algo especial al ganar en 1978 el Centrocaribe\u00f1o de Atletismo en Mayag\u00fcez, Puerto Rico; durante 1980 realiz\u00f3 una gira europea, ganando la Copa Ruse (Bulgaria) con la mejor marca mundial del a\u00f1o (1:19.01 horas).<\/p>\n<p>&nbsp;<\/p>\n<p>En 1981 triunf\u00f3 en la Copa Lugano de Valencia (Espa\u00f1a), despu\u00e9s gan\u00f3 en la Semana Internacional de Caminata, Noruega-Suecia.<\/p>\n<p>&nbsp;<\/p>\n<p>Fue uno de los mejores pupilos del polaco Jerzy Hausleber, quien revolucion\u00f3 la marcha mexicana.<\/p>\n<p>&nbsp;<\/p>\n<p>En 1983 gan\u00f3 el campeonato del mundo, siendo el primer mexicano en lograr esta haza\u00f1a. El \u00e9xtasis lleg\u00f3 en los Ol\u00edmpicos de Los \u00c1ngeles, al ganar la prueba de los 20 kil\u00f3metros.<\/p>\n<p>&nbsp;<\/p>\n<p>En los \u00faltimos a\u00f1os de su vida, Ernesto Canto se dedic\u00f3 a negocios particulares y a dar conferencias.<\/p>\n","protected":false},"excerpt":{"rendered":"","protected":false},"author":1,"featured_media":2910148,"comment_status":"open","ping_status":"closed","sticky":false,"template":"","format":"standard","meta":{"footnotes":""},"categories":[1],"tags":[595],"class_list":["post-2918273","post","type-post","status-publish","format-standard","has-post-thumbnail","hentry","category-uncategorized","tag-destacado"],"_links":{"self":[{"href":"https:\/\/agpnoticias.com\/news\/wp-json\/wp\/v2\/posts\/2918273","targetHints":{"allow":["GET"]}}],"collection":[{"href":"https:\/\/agpnoticias.com\/news\/wp-json\/wp\/v2\/posts"}],"about":[{"href":"https:\/\/agpnoticias.com\/news\/wp-json\/wp\/v2\/types\/post"}],"author":[{"embeddable":true,"href":"https:\/\/agpnoticias.com\/news\/wp-json\/wp\/v2\/users\/1"}],"replies":[{"embeddable":true,"href":"https:\/\/agpnoticias.com\/news\/wp-json\/wp\/v2\/comments?post=2918273"}],"version-history":[{"count":1,"href":"https:\/\/agpnoticias.com\/news\/wp-json\/wp\/v2\/posts\/2918273\/revisions"}],"predecessor-version":[{"id":2918274,"href":"https:\/\/agpnoticias.com\/news\/wp-json\/wp\/v2\/posts\/2918273\/revisions\/2918274"}],"wp:featuredmedia":[{"embeddable":true,"href":"https:\/\/agpnoticias.com\/news\/wp-json\/wp\/v2\/media\/2910148"}],"wp:attachment":[{"href":"https:\/\/agpnoticias.com\/news\/wp-json\/wp\/v2\/media?parent=2918273"}],"wp:term":[{"taxonomy":"category","embeddable":true,"href":"https:\/\/agpnoticias.com\/news\/wp-json\/wp\/v2\/categories?post=2918273"},{"taxonomy":"post_tag","embeddable":true,"href":"https:\/\/agpnoticias.com\/news\/wp-json\/wp\/v2\/tags?post=2918273"}],"curies":[{"name":"wp","href":"https:\/\/api.w.org\/{rel}","templated":true}]}}