{"id":2923409,"date":"2021-06-05T15:11:13","date_gmt":"2021-06-05T22:11:13","guid":{"rendered":"https:\/\/agpnoticias.com\/news\/?p=2923409"},"modified":"2023-03-07T21:15:02","modified_gmt":"2023-03-08T05:15:02","slug":"por-grito-homofobico-fifa-podria-castigar-a-la-seleccion-mexicana","status":"publish","type":"post","link":"https:\/\/agpnoticias.com\/news\/por-grito-homofobico-fifa-podria-castigar-a-la-seleccion-mexicana\/","title":{"rendered":"Por grito homof\u00f3bico FIFA podr\u00eda castigar a la Selecci\u00f3n Mexicana"},"content":{"rendered":"\n<p>\u00a0Luego de que se registrara el grito homof\u00f3bico durante los partidos del\u00a0<strong>Tri\u00a0<\/strong>contra<strong>\u00a0Islandia<\/strong>\u00a0y\u00a0<strong>Costa Rica<\/strong>,<strong>\u00a0Yon de Luisa<\/strong>, presidente de la\u00a0<strong>Federaci\u00f3n Mexicana de Futbol<\/strong>, se\u00f1al\u00f3 que si el &#8216;<strong>ehh puto<\/strong>&#8216; vuelve aparecer en la\u00a0<strong>Final\u00a0<\/strong>de la\u00a0<strong>Concacaf Nations League<\/strong>, la &#8216;cosa se pondr\u00eda fea&#8217;.<\/p>\n<p><span class=\"storyimage fullwidth inlineimage\" data-aop=\"image\"><span class=\"image\" data-attrib=\"IMAGO7\" data-caption=\"\" data-id=\"107\" data-m=\"{&quot;i&quot;:107,&quot;p&quot;:106,&quot;n&quot;:&quot;openModal&quot;,&quot;t&quot;:&quot;articleImages&quot;,&quot;o&quot;:1}\"><img decoding=\"async\" class=\"loaded\" src=\"https:\/\/img-s-msn-com.akamaized.net\/tenant\/amp\/entityid\/AAKJSSt.img?h=450&amp;w=799&amp;m=6&amp;q=60&amp;o=f&amp;l=f\" alt=\"\" data-src=\"{&quot;default&quot;:{&quot;load&quot;:&quot;default&quot;,&quot;w&quot;:&quot;80&quot;,&quot;h&quot;:&quot;45&quot;,&quot;src&quot;:&quot;\/\/img-s-msn-com.akamaized.net\/tenant\/amp\/entityid\/AAKJSSt.img?h=450&amp;w=799&amp;m=6&amp;q=60&amp;o=f&amp;l=f&quot;},&quot;size3column&quot;:{&quot;load&quot;:&quot;default&quot;,&quot;w&quot;:&quot;62&quot;,&quot;h&quot;:&quot;35&quot;,&quot;src&quot;:&quot;\/\/img-s-msn-com.akamaized.net\/tenant\/amp\/entityid\/AAKJSSt.img?h=352&amp;w=624&amp;m=6&amp;q=60&amp;o=f&amp;l=f&quot;},&quot;size2column&quot;:{&quot;load&quot;:&quot;default&quot;,&quot;w&quot;:&quot;62&quot;,&quot;h&quot;:&quot;35&quot;,&quot;src&quot;:&quot;\/\/img-s-msn-com.akamaized.net\/tenant\/amp\/entityid\/AAKJSSt.img?h=352&amp;w=624&amp;m=6&amp;q=60&amp;o=f&amp;l=f&quot;}}\" \/><\/span><span class=\"caption truncate\"><span class=\"attribution\">\u00a9 IMAGO7<\/span><\/span><\/span><\/p>\n<p>Durante una entrevista con<strong>\u00a0TUDN<\/strong>, el dirigente explic\u00f3 que de continuar con este acto discriminatorio en los estadios, la\u00a0<strong>FIFA\u00a0<\/strong>podr\u00eda imponer sanciones severas.<\/p>\n<p>\u201cNo nos representa como mexicanos, entendemos que tenemos la libertad de ir a disfrutar un espect\u00e1culo como aficionados, pero sin afectar a terceros. Concuerdo con que puede ser un acto discriminatorio.<\/p>\n<p><span class=\"storyimage fullwidth inlineimage\" data-aop=\"image\"><span class=\"image\" data-attrib=\"Record\" data-caption=\"Aficionados en el M\u00e9xico contra Costa Rica\" data-id=\"108\" data-m=\"{&quot;i&quot;:108,&quot;p&quot;:106,&quot;n&quot;:&quot;openModal&quot;,&quot;t&quot;:&quot;articleImages&quot;,&quot;o&quot;:2}\"><img decoding=\"async\" class=\"loaded\" src=\"https:\/\/img-s-msn-com.akamaized.net\/tenant\/amp\/entityid\/AAKJSSu.img?h=433&amp;w=768&amp;m=6&amp;q=60&amp;o=f&amp;l=f\" alt=\"Aficionados en el M\u00e9xico contra Costa Rica\" data-src=\"{&quot;default&quot;:{&quot;load&quot;:&quot;default&quot;,&quot;w&quot;:&quot;77&quot;,&quot;h&quot;:&quot;43&quot;,&quot;src&quot;:&quot;\/\/img-s-msn-com.akamaized.net\/tenant\/amp\/entityid\/AAKJSSu.img?h=433&amp;w=768&amp;m=6&amp;q=60&amp;o=f&amp;l=f&quot;},&quot;size3column&quot;:{&quot;load&quot;:&quot;default&quot;,&quot;w&quot;:&quot;62&quot;,&quot;h&quot;:&quot;35&quot;,&quot;src&quot;:&quot;\/\/img-s-msn-com.akamaized.net\/tenant\/amp\/entityid\/AAKJSSu.img?h=352&amp;w=624&amp;m=6&amp;q=60&amp;o=f&amp;l=f&quot;},&quot;size2column&quot;:{&quot;load&quot;:&quot;default&quot;,&quot;w&quot;:&quot;62&quot;,&quot;h&quot;:&quot;35&quot;,&quot;src&quot;:&quot;\/\/img-s-msn-com.akamaized.net\/tenant\/amp\/entityid\/AAKJSSu.img?h=352&amp;w=624&amp;m=6&amp;q=60&amp;o=f&amp;l=f&quot;}}\" \/><\/span><span class=\"caption truncate\"><span class=\"attribution\">\u00a9 Record<\/span>\u00a0Aficionados en el M\u00e9xico contra Costa Rica<\/span><\/span><\/p>\n<p>\u201cSi las cosas no funcionan en el partido del domingo, la Concacaf puede tomar medidas, pueden ser muy dr\u00e1sticas, puede afectar a los siguientes partidos sin importar el tipo de torneo, puede que nos obliguen a jugar a puerta cerrada, no importa si son amistosos u oficiales. La cosa se puede poner muy fea\u201d, explic\u00f3 el dirigente.<\/p>\n<p>Finalmente,\u00a0<strong>Yon de Luisa\u00a0<\/strong>explic\u00f3 cu\u00e1nto se ha pagado por las multas impuestas por la\u00a0<strong>FIFA\u00a0<\/strong>y qu\u00e9 consecuencias podr\u00edan seguir si se contin\u00faa con el\u00a0grito homof\u00f3bico.<\/p>\n<div id=\"outstream_article\" data-id=\"109\" data-m=\"{&quot;i&quot;:109,&quot;p&quot;:106,&quot;n&quot;:&quot;article-inlineOutstreamAd&quot;,&quot;t&quot;:&quot;inlineOutstreamAd&quot;,&quot;o&quot;:3}\">\n<div id=\"inlineoutstreamcontainer\" class=\"inlineOutstreamContainer\">\n<div id=\"apn_display_container_076xgod59l2a\" class=\"\"><span style=\"color: #000000; font-family: 'PT Serif', sans-serif; font-size: inherit;\">\u201cM\u00e9xico suma m\u00e1s de 14 multas, alrededor de 400 mil d\u00f3lares en los \u00faltimos a\u00f1os. Segunda sanci\u00f3n p\u00e9rdida de puntos en la eliminatoria mundialista y tercera expulsi\u00f3n de un torneo, y en caso de clubes remisi\u00f3n a una categor\u00eda inferior\u00bb, sentenci\u00f3.<\/span><\/div>\n<\/div>\n<\/div>\n","protected":false},"excerpt":{"rendered":"","protected":false},"author":1,"featured_media":2923410,"comment_status":"open","ping_status":"closed","sticky":false,"template":"","format":"standard","meta":{"footnotes":""},"categories":[32,1149],"tags":[595],"class_list":["post-2923409","post","type-post","status-publish","format-standard","has-post-thumbnail","hentry","category-soccer","category-seleccion-mexicana-2","tag-destacado"],"_links":{"self":[{"href":"https:\/\/agpnoticias.com\/news\/wp-json\/wp\/v2\/posts\/2923409","targetHints":{"allow":["GET"]}}],"collection":[{"href":"https:\/\/agpnoticias.com\/news\/wp-json\/wp\/v2\/posts"}],"about":[{"href":"https:\/\/agpnoticias.com\/news\/wp-json\/wp\/v2\/types\/post"}],"author":[{"embeddable":true,"href":"https:\/\/agpnoticias.com\/news\/wp-json\/wp\/v2\/users\/1"}],"replies":[{"embeddable":true,"href":"https:\/\/agpnoticias.com\/news\/wp-json\/wp\/v2\/comments?post=2923409"}],"version-history":[{"count":2,"href":"https:\/\/agpnoticias.com\/news\/wp-json\/wp\/v2\/posts\/2923409\/revisions"}],"predecessor-version":[{"id":2923412,"href":"https:\/\/agpnoticias.com\/news\/wp-json\/wp\/v2\/posts\/2923409\/revisions\/2923412"}],"wp:featuredmedia":[{"embeddable":true,"href":"https:\/\/agpnoticias.com\/news\/wp-json\/wp\/v2\/media\/2923410"}],"wp:attachment":[{"href":"https:\/\/agpnoticias.com\/news\/wp-json\/wp\/v2\/media?parent=2923409"}],"wp:term":[{"taxonomy":"category","embeddable":true,"href":"https:\/\/agpnoticias.com\/news\/wp-json\/wp\/v2\/categories?post=2923409"},{"taxonomy":"post_tag","embeddable":true,"href":"https:\/\/agpnoticias.com\/news\/wp-json\/wp\/v2\/tags?post=2923409"}],"curies":[{"name":"wp","href":"https:\/\/api.w.org\/{rel}","templated":true}]}}