{"id":2932477,"date":"2022-01-30T09:23:05","date_gmt":"2022-01-30T17:23:05","guid":{"rendered":"https:\/\/agpnoticias.com\/news\/?p=2932477"},"modified":"2022-01-30T09:23:08","modified_gmt":"2022-01-30T17:23:08","slug":"rafael-nadal-se-corona-en-el-abierto-de-australia","status":"publish","type":"post","link":"https:\/\/agpnoticias.com\/news\/rafael-nadal-se-corona-en-el-abierto-de-australia\/","title":{"rendered":"Rafael Nadal se corona en el Abierto de Australia"},"content":{"rendered":"\n<p><strong>Rafael Nadal se impuso en la final del Abierto de Australia\u00a0<\/strong>al ruso\u00a0Daniil Medvedev en cinco sets. El tenista espa\u00f1ol protagoniz\u00f3 una gran remontada despu\u00e9s de ir perdiendo los dos primeros sets.<\/p>\n<p>El espa\u00f1ol Rafael Nadal se convirti\u00f3 en el primer jugador de la historia en alcanzar veinti\u00fan t\u00edtulos del Grand Slam al vencer en una \u00e9pica final del Abierto de Australia al ruso Daniil Medvedev por 2-6, 6-7(5), 6-4, 6-4 y 7-5 en cinco horas y veinticinco minutos de partido.<\/p>\n<p>Nadal, a sus 35 a\u00f1os, dio la vuelta a un partido pr\u00e1cticamente perdido para levantar, por segunda vez, el trofeo en Australia y deshacer el empate hist\u00f3rico con el serbio Novak Djokovic y el suizo Roger Federer, que tambi\u00e9n hab\u00edan ganado veinte \u00abgrandes\u00bb cada uno.<\/p>\n<p class=\"contenido\">El tenista espa\u00f1ol no decay\u00f3 a pesar de ceder las dos primeras mangas a su rival, n\u00famero dos del mundo y que disputaba su segunda final en el Melburne Park.<\/p>\n<p class=\"contenido\">El tenista espa\u00f1ol no decay\u00f3 a pesar de ceder las dos primeras mangas a su rival, n\u00famero dos del mundo y que disputaba su segunda final en el Melburne Park.<\/p>\n<p class=\"contenido\">Despu\u00e9s de casi seis meses apartado del circuito por lesi\u00f3n y 476 d\u00edas despu\u00e9s de ganar su \u00faltimo Roland Garros, Nadal consigui\u00f3 elevar su cosecha de t\u00edtulos a veintiuno, m\u00e1s que nadie en la historia de este deportes.<\/p>\n<p class=\"contenido\">Despu\u00e9s de casi seis meses apartado del circuito por lesi\u00f3n y 476 d\u00edas despu\u00e9s de ganar su \u00faltimo Roland Garros, Nadal consigui\u00f3 elevar su cosecha de t\u00edtulos a veintiuno, m\u00e1s que nadie en la historia de este deporte.<\/p>\n","protected":false},"excerpt":{"rendered":"","protected":false},"author":1,"featured_media":2932478,"comment_status":"open","ping_status":"closed","sticky":false,"template":"","format":"standard","meta":{"footnotes":""},"categories":[629],"tags":[595],"class_list":["post-2932477","post","type-post","status-publish","format-standard","has-post-thumbnail","hentry","category-tennis","tag-destacado"],"_links":{"self":[{"href":"https:\/\/agpnoticias.com\/news\/wp-json\/wp\/v2\/posts\/2932477","targetHints":{"allow":["GET"]}}],"collection":[{"href":"https:\/\/agpnoticias.com\/news\/wp-json\/wp\/v2\/posts"}],"about":[{"href":"https:\/\/agpnoticias.com\/news\/wp-json\/wp\/v2\/types\/post"}],"author":[{"embeddable":true,"href":"https:\/\/agpnoticias.com\/news\/wp-json\/wp\/v2\/users\/1"}],"replies":[{"embeddable":true,"href":"https:\/\/agpnoticias.com\/news\/wp-json\/wp\/v2\/comments?post=2932477"}],"version-history":[{"count":1,"href":"https:\/\/agpnoticias.com\/news\/wp-json\/wp\/v2\/posts\/2932477\/revisions"}],"predecessor-version":[{"id":2932479,"href":"https:\/\/agpnoticias.com\/news\/wp-json\/wp\/v2\/posts\/2932477\/revisions\/2932479"}],"wp:featuredmedia":[{"embeddable":true,"href":"https:\/\/agpnoticias.com\/news\/wp-json\/wp\/v2\/media\/2932478"}],"wp:attachment":[{"href":"https:\/\/agpnoticias.com\/news\/wp-json\/wp\/v2\/media?parent=2932477"}],"wp:term":[{"taxonomy":"category","embeddable":true,"href":"https:\/\/agpnoticias.com\/news\/wp-json\/wp\/v2\/categories?post=2932477"},{"taxonomy":"post_tag","embeddable":true,"href":"https:\/\/agpnoticias.com\/news\/wp-json\/wp\/v2\/tags?post=2932477"}],"curies":[{"name":"wp","href":"https:\/\/api.w.org\/{rel}","templated":true}]}}