{"id":2935863,"date":"2022-04-04T13:34:26","date_gmt":"2022-04-04T20:34:26","guid":{"rendered":"https:\/\/agpnoticias.com\/news\/?p=2935863"},"modified":"2022-04-04T13:34:28","modified_gmt":"2022-04-04T20:34:28","slug":"fmf-y-liga-mx-dialogan-con-el-inai-para-llevar-a-cabo-un-uso-correcto-del-fan-id-y-proteger-los-datos-personales-de-los-aficionados","status":"publish","type":"post","link":"https:\/\/agpnoticias.com\/news\/fmf-y-liga-mx-dialogan-con-el-inai-para-llevar-a-cabo-un-uso-correcto-del-fan-id-y-proteger-los-datos-personales-de-los-aficionados\/","title":{"rendered":"FMF y Liga MX dialogan con el INAI para llevar a cabo un uso correcto del Fan ID y proteger los datos personales de los aficionados"},"content":{"rendered":"\n<p>La\u00a0<strong>Federaci\u00f3n Mexicana de Futbol y la Liga MX\u00a0<\/strong>anunciaron que iniciaron\u00a0<strong>mesas de trabajo<\/strong>\u00a0con el\u00a0<strong>Instituto Nacional de Transparencia, Acceso a la Informaci\u00f3n y Protecci\u00f3n de Datos Personales\u00a0<\/strong>(<strong>INAI<\/strong>) para analizar el\u00a0uso correcto del\u00a0<strong>Fan ID<\/strong>\u00a0que se busca implementar en los estadios.<\/p>\n<p>\u201cEl Instituto Nacional de Transparencia, Acceso a la Informaci\u00f3n y Protecci\u00f3n de Datos Personales (<strong>INAI<\/strong>), la\u00a0<strong>Federaci\u00f3n Mexicana de Futbol<\/strong>\u00a0(<strong>FMF<\/strong>) y la\u00a0<strong>LIGA MX<\/strong>\u00a0acordaron instalar una mesa t\u00e9cnica de trabajo conjunto,\u00a0<strong>con el prop\u00f3sito de analizar la estrategia que buscan implementar los dirigentes del futbol para prevenir la violencia en los\u00a0estadios\u00a0<\/strong>y garantizar la seguridad de los\u00a0<strong>aficionados<\/strong>\u201d, se informa en el comunicado que compartieron los tres organismos.<\/p>\n<p><blockquote class=\"twitter-tweet\" data-width=\"550\" data-dnt=\"true\"><p lang=\"es\" dir=\"ltr\">INAI, FMF y Liga MX instalar\u00e1n mesa de trabajo para analizar FAN ID y garantizar la protecci\u00f3n de datos de aficionados. <br><br>Lee m\u00e1s: <a href=\"https:\/\/t.co\/YLTF0MAtzh\">https:\/\/t.co\/YLTF0MAtzh<\/a> <a href=\"https:\/\/twitter.com\/hashtag\/FMFporNuestroF%C3%BAtbol?src=hash&amp;ref_src=twsrc%5Etfw\">#FMFporNuestroF\u00fatbol<\/a> <a href=\"https:\/\/t.co\/J4fQ87LUAo\">pic.twitter.com\/J4fQ87LUAo<\/a><\/p>&mdash; Federaci\u00f3n Mexicana de F\u00fatbol (@FMF) <a href=\"https:\/\/twitter.com\/FMF\/status\/1510959608277442564?ref_src=twsrc%5Etfw\">April 4, 2022<\/a><\/blockquote><script async src=\"https:\/\/platform.twitter.com\/widgets.js\" charset=\"utf-8\"><\/script><\/p>\n<p>En una primera reuni\u00f3n que se llev\u00f3 a cabo participaron\u00a0<strong>Yon de Luisa,<\/strong>\u00a0presidente de la\u00a0<strong>FMF<\/strong>,\u00a0<strong>Mikel<\/strong>\u00a0<strong>Arriola<\/strong>, titular de la\u00a0<strong>Liga MX<\/strong>, y los comisionados del\u00a0<strong>INAI\u00a0Lilia Ibarra Cadena<\/strong>, como presidenta, adem\u00e1s de\u00a0<strong>Josefina Rom\u00e1n Vergara y Francisco Javier Acu\u00f1a.<\/strong><\/p>\n<p>La semana pasada el INAI abri\u00f3 una investigaci\u00f3n de oficio contra la la\u00a0<strong>FMF\u00a0<\/strong>y\u00a0<strong>Liga MX<\/strong>\u00a0debido a que exist\u00eda preocupaci\u00f3n sobre el proceso en que se implementar\u00eda esta medida de seguridad que representa el\u00a0<strong>Fan ID<\/strong>, que busca tener el\u00a0<strong>control<\/strong>\u00a0sobre las personas que ingresan a un estadio.<\/p>\n<p>\u201cEl asunto es que la Federaci\u00f3n no vino nunca al\u00a0<strong>INAI\u00a0<\/strong>a exponer esa situaci\u00f3n, nunca vino a decirnos \u2018oigan, vamos a querer implementar esto, \u00bf<strong>qu\u00e9 hacemos<\/strong>? D\u00edgannos,\u00a0<strong>ay\u00fadenos<\/strong>\u2019, nada. Tanta expectaci\u00f3n, tanta preocupaci\u00f3n, empez\u00f3 a crecer la importancia de este asunto.<\/p>\n<p>\u201cLuego, por desgracia, la Federaci\u00f3n tambi\u00e9n dijo que iban a aplicar el\u00a0<strong>reconocimiento facial<\/strong>\u00a0para que hubiese ingreso, y tambi\u00e9n respecto de\u00a0<strong>menores<\/strong>. Con tantas declaraciones de ese tipo el<strong>\u00a0<\/strong>INAI inici\u00f3 una investigaci\u00f3n de oficio que est\u00e1 ahorita en curso\u201d, dijo el comisionado Francisco Javier Acu\u00f1a a la cadena\u00a0<em>ESPN<\/em>\u00a0el pasado 28 de marzo.<\/p>\n<p>Con informaci\u00f3n de Latinus\u00a0<\/p>\n","protected":false},"excerpt":{"rendered":"","protected":false},"author":1,"featured_media":2935864,"comment_status":"open","ping_status":"closed","sticky":false,"template":"","format":"standard","meta":{"footnotes":""},"categories":[32],"tags":[595],"class_list":["post-2935863","post","type-post","status-publish","format-standard","has-post-thumbnail","hentry","category-soccer","tag-destacado"],"_links":{"self":[{"href":"https:\/\/agpnoticias.com\/news\/wp-json\/wp\/v2\/posts\/2935863","targetHints":{"allow":["GET"]}}],"collection":[{"href":"https:\/\/agpnoticias.com\/news\/wp-json\/wp\/v2\/posts"}],"about":[{"href":"https:\/\/agpnoticias.com\/news\/wp-json\/wp\/v2\/types\/post"}],"author":[{"embeddable":true,"href":"https:\/\/agpnoticias.com\/news\/wp-json\/wp\/v2\/users\/1"}],"replies":[{"embeddable":true,"href":"https:\/\/agpnoticias.com\/news\/wp-json\/wp\/v2\/comments?post=2935863"}],"version-history":[{"count":1,"href":"https:\/\/agpnoticias.com\/news\/wp-json\/wp\/v2\/posts\/2935863\/revisions"}],"predecessor-version":[{"id":2935865,"href":"https:\/\/agpnoticias.com\/news\/wp-json\/wp\/v2\/posts\/2935863\/revisions\/2935865"}],"wp:featuredmedia":[{"embeddable":true,"href":"https:\/\/agpnoticias.com\/news\/wp-json\/wp\/v2\/media\/2935864"}],"wp:attachment":[{"href":"https:\/\/agpnoticias.com\/news\/wp-json\/wp\/v2\/media?parent=2935863"}],"wp:term":[{"taxonomy":"category","embeddable":true,"href":"https:\/\/agpnoticias.com\/news\/wp-json\/wp\/v2\/categories?post=2935863"},{"taxonomy":"post_tag","embeddable":true,"href":"https:\/\/agpnoticias.com\/news\/wp-json\/wp\/v2\/tags?post=2935863"}],"curies":[{"name":"wp","href":"https:\/\/api.w.org\/{rel}","templated":true}]}}