{"id":2943636,"date":"2022-08-01T15:00:00","date_gmt":"2022-08-01T22:00:00","guid":{"rendered":"https:\/\/agpnoticias.com\/news\/?p=2943636"},"modified":"2022-08-01T21:58:04","modified_gmt":"2022-08-02T04:58:04","slug":"fernando-alonso-firma-con-aston-martin-f1-para-2023","status":"publish","type":"post","link":"https:\/\/agpnoticias.com\/news\/fernando-alonso-firma-con-aston-martin-f1-para-2023\/","title":{"rendered":"Fernando Alonso firma con Aston Martin F1 para 2023"},"content":{"rendered":"\n\n\n<p><strong>Ciudad de M\u00e9xico.- El piloto Fernando Alonso<\/strong>\u00a0correr\u00e1 para\u00a0<strong>Aston Martin\u00a0<\/strong>en la siguiente temporada de la\u00a0<strong>F\u00f3rmula 1\u00a0<\/strong>a pesar de que la renovaci\u00f3n de contrato con el equipo\u00a0<strong>Alpine\u00a0<\/strong>se ve\u00eda casi segura.<\/p>\n<p data-t=\"{&quot;n&quot;:&quot;blueLinks&quot;}\"><strong>Aston Martin Racing\u00a0<\/strong>ser\u00e1\u00a0el sexto equipo al que pertenecer\u00e1\u00a0<strong>Alonso\u00a0<\/strong>tras haber pasado por Minardi, Ferrari,\u00a0<strong>Alpine<\/strong>, Renault y McLaren. En estos 2 \u00faltimos estuvo dos veces.<\/p>\n<p data-t=\"{&quot;n&quot;:&quot;blueLinks&quot;}\"><strong>Alonso\u00a0<\/strong>comenzar\u00e1 a correr para su nuevo equipo en\u00a0<strong>2023\u00a0<\/strong>y estar\u00e1 con ellos por varios a\u00f1os. Eso significa que correr\u00e1 con\u00a0<strong>Alpine\u00a0<\/strong>solo hasta finales de este a\u00f1o. \u00abEste equipo<strong>\u00a0Aston Martin<\/strong>\u00a0claramente est\u00e1 aplicando la energ\u00eda necesaria y el compromiso para ganar y, por lo tanto, es uno de los equipos m\u00e1s emocionantes de la\u00a0<strong>F\u00f3rmula 1<\/strong>\u00a0en la actualidad\u00bb, declar\u00f3 el\u00a0<strong>piloto\u00a0<\/strong>en el comunicado anunciando el fichaje.<\/p>\n<div class=\"article-image-slot\" data-image-href=\"https:\/\/www.msn.com\/es-mx\/deportes\/formula1\/fernando-alonso-firma-con-aston-martin-f1-para-2023\/ar-AA10c84z?cvid=2b2f662fdb7b48a697e6a02a8d7c991a&amp;fullscreen=true#image=2\" data-doc-id=\"cms\/api\/amp\/image\/AA10bNU6\" data-rendered=\"true\">\n<div class=\"article-image-container\" data-t=\"{&quot;n&quot;:&quot;OpenModal&quot;,&quot;t&quot;:13}\"><img fetchpriority=\"high\" decoding=\"async\" class=\"article-image alignleft\" tabindex=\"0\" title=\"formula-1.jpeg\" src=\"https:\/\/img-s-msn-com.akamaized.net\/tenant\/amp\/entityid\/AA10bNU6.img?w=567&amp;h=395&amp;m=6\" alt=\"formula-1.jpeg\" width=\"386\" height=\"269\" \/><\/div>\n<\/div>\n<p data-t=\"{&quot;n&quot;:&quot;blueLinks&quot;}\">Lawrence Stroll, el director del\u00a0<strong>Aston Martin,<\/strong>\u00a0llevaba 2 a\u00f1os buscando fichar a\u00a0<strong>Fernando Alonso.\u00a0<\/strong>De hecho, quer\u00eda que el asturiano corriera para el equipo durante la temporada del\u00a0<strong>2022\u00a0<\/strong>sustituyendo a Sebasti\u00e1n Vettel. Sin embargo\u00a0<strong>Alonso\u00a0<\/strong>rechaz\u00f3 la oferta a pesar de que cobrar\u00e1 m\u00e1s de lo que ganaba en su anterior equipo. Y es que el dinero no fue la clave para que aceptara, sino la oportunidad de estar en un proyecto que cree en \u00e9l.<\/p>\n<p class=\"continue-read-break\" data-t=\"{&quot;n&quot;:&quot;blueLinks&quot;}\">A trav\u00e9s de una publicaci\u00f3n de Instagram,\u00a0<strong>Fernando Alonso<\/strong>\u00a0dijo: \u00abTodav\u00eda tengo el hambre y la ambici\u00f3n de luchar por estar al frente, y quiero ser parte de una organizaci\u00f3n comprometida con aprender, desarrollarse y tener \u00e9xito [\u2026] Tengo la intenci\u00f3n de volver a ganar en este deporte y, por lo tanto, tengo que aprovechar las oportunidades que me parezcan adecuadas\u00bb.<\/p>\n","protected":false},"excerpt":{"rendered":"","protected":false},"author":1,"featured_media":2943637,"comment_status":"open","ping_status":"closed","sticky":false,"template":"","format":"standard","meta":{"footnotes":""},"categories":[37],"tags":[595],"class_list":["post-2943636","post","type-post","status-publish","format-standard","has-post-thumbnail","hentry","category-off-road","tag-destacado"],"_links":{"self":[{"href":"https:\/\/agpnoticias.com\/news\/wp-json\/wp\/v2\/posts\/2943636","targetHints":{"allow":["GET"]}}],"collection":[{"href":"https:\/\/agpnoticias.com\/news\/wp-json\/wp\/v2\/posts"}],"about":[{"href":"https:\/\/agpnoticias.com\/news\/wp-json\/wp\/v2\/types\/post"}],"author":[{"embeddable":true,"href":"https:\/\/agpnoticias.com\/news\/wp-json\/wp\/v2\/users\/1"}],"replies":[{"embeddable":true,"href":"https:\/\/agpnoticias.com\/news\/wp-json\/wp\/v2\/comments?post=2943636"}],"version-history":[{"count":1,"href":"https:\/\/agpnoticias.com\/news\/wp-json\/wp\/v2\/posts\/2943636\/revisions"}],"predecessor-version":[{"id":2943638,"href":"https:\/\/agpnoticias.com\/news\/wp-json\/wp\/v2\/posts\/2943636\/revisions\/2943638"}],"wp:featuredmedia":[{"embeddable":true,"href":"https:\/\/agpnoticias.com\/news\/wp-json\/wp\/v2\/media\/2943637"}],"wp:attachment":[{"href":"https:\/\/agpnoticias.com\/news\/wp-json\/wp\/v2\/media?parent=2943636"}],"wp:term":[{"taxonomy":"category","embeddable":true,"href":"https:\/\/agpnoticias.com\/news\/wp-json\/wp\/v2\/categories?post=2943636"},{"taxonomy":"post_tag","embeddable":true,"href":"https:\/\/agpnoticias.com\/news\/wp-json\/wp\/v2\/tags?post=2943636"}],"curies":[{"name":"wp","href":"https:\/\/api.w.org\/{rel}","templated":true}]}}