{"id":2951336,"date":"2023-02-12T14:08:55","date_gmt":"2023-02-12T22:08:55","guid":{"rendered":"https:\/\/agpnoticias.com\/news\/?p=2951336"},"modified":"2023-02-12T14:08:56","modified_gmt":"2023-02-12T22:08:56","slug":"hank-fue-parte-de-la-eleccion-de-cocca-en-el-tri-pero-para-sus-xolos-opto-por-herrera","status":"publish","type":"post","link":"https:\/\/agpnoticias.com\/news\/hank-fue-parte-de-la-eleccion-de-cocca-en-el-tri-pero-para-sus-xolos-opto-por-herrera\/","title":{"rendered":"Hank fue parte de la elecci\u00f3n de Cocca en el Tri, pero para sus Xolos opt\u00f3 por Herrera"},"content":{"rendered":"\n\n\n<p class=\"p1\"><span class=\"s1\">Tijuana, Baja California.- Jorgealberto Hank fue parte de los dos procesos en los que el nombre de Miguel Herrera estuvo a disposici\u00f3n.<\/span><\/p>\n<p class=\"p1\"><span class=\"s1\">En el primero, el de la Comisi\u00f3n de Selecciones Nacionales, donde el presidente de los Xolos de Tijuana es uno de los cinco integrantes, el Piojo fue uno de los aspirantes al cargo. Y el elegido fue otro: Diego Cocca.<\/span><\/p>\n<p class=\"p1\"><span class=\"s1\">Pero para rescatar a su equipo, hundido en una crisis de resultados que data de a\u00f1os, Hank recurri\u00f3 a Herrera, quien en un proceso previo, entre 2016 y 2017, entreg\u00f3 un par de lideratos generales a los Xolos, aunque en ambas ocasiones el camino finaliz\u00f3 en cuartos de final.<\/span><\/p>\n<p class=\"p1\"><span class=\"s1\">\u201cEstoy contento e ilusionado de estar con Miguel, de darle la bienvenida a su casa, a la que est\u00e1 de regreso\u201d, dijo.<\/span><\/p>\n<p class=\"p1\"><span class=\"s1\">Durante la presentaci\u00f3n del Piojo, el directivo explic\u00f3: \u201cEs un proyecto a largo plazo (tres a\u00f1os y medio) para regresar a donde siempre tenemos que estar, que es all\u00e1 arriba. Tenemos una cuenta pendiente y esta vez lo vamos a lograr\u201d.<\/span><\/p>\n<p class=\"p1\"><span class=\"s1\">\u201cLos \u00faltimos a\u00f1os no han sido buenos, los resultados est\u00e1n ah\u00ed y estamos seguros que con este proyecto cambiaremos eso\u201d, confi\u00f3 en torno a la llegada del ex t\u00e9cnico de Am\u00e9rica y Tigres, as\u00ed como seleccionador de M\u00e9xico en el Mundial de Brasil.<\/span><\/p>\n<p class=\"p1\"><span class=\"s1\">De su trabajo como parte de la comisi\u00f3n de selecciones, explic\u00f3 que \u201cel proceso fue de muchas horas, de muchas reuniones donde se platicaban los perfiles, pros y contras\u201d.<\/span><\/p>\n<p class=\"p1\"><span class=\"s1\">\u201cCreo que fuimos muy responsables en el tiempo que le dedicamos. El proceso se hizo de la manera correcta\u201d.<\/span><\/p>\n<p class=\"p1\"><span class=\"s1\">Al ser cuestionado sobre la elecci\u00f3n de Diego Cocca y su labor dentro del grupo de directivos responsables de trabajar en el futuro de la selecci\u00f3n se limit\u00f3 a responder: \u201cHay muchas cosas que no me toca decirlas, eso es de Rodrigo (Ares de Parga) en su nuevo puesto (director de la comisi\u00f3n), y \u00e9l lo explicar\u00e1\u201d. <\/span><\/p>\n<p class=\"p1\"><span class=\"s1\">Y en cuanto al por qu\u00e9 fue designado Cocca, con quien ya trabaj\u00f3 cuando el hoy seleccionador dirigi\u00f3 a los Xolos, tambi\u00e9n fue breve.<\/span><\/p>\n<p class=\"p1\"><span class=\"s1\">\u201cEs una buena elecci\u00f3n y todos lo debemos apoyar, cada quien haciendo lo que nos toca\u201d.<\/span><\/p>\n","protected":false},"excerpt":{"rendered":"","protected":false},"author":1,"featured_media":2951337,"comment_status":"open","ping_status":"closed","sticky":false,"template":"","format":"standard","meta":{"footnotes":""},"categories":[32,17],"tags":[595],"class_list":["post-2951336","post","type-post","status-publish","format-standard","has-post-thumbnail","hentry","category-soccer","category-xolos-de-tijuana","tag-destacado"],"_links":{"self":[{"href":"https:\/\/agpnoticias.com\/news\/wp-json\/wp\/v2\/posts\/2951336","targetHints":{"allow":["GET"]}}],"collection":[{"href":"https:\/\/agpnoticias.com\/news\/wp-json\/wp\/v2\/posts"}],"about":[{"href":"https:\/\/agpnoticias.com\/news\/wp-json\/wp\/v2\/types\/post"}],"author":[{"embeddable":true,"href":"https:\/\/agpnoticias.com\/news\/wp-json\/wp\/v2\/users\/1"}],"replies":[{"embeddable":true,"href":"https:\/\/agpnoticias.com\/news\/wp-json\/wp\/v2\/comments?post=2951336"}],"version-history":[{"count":1,"href":"https:\/\/agpnoticias.com\/news\/wp-json\/wp\/v2\/posts\/2951336\/revisions"}],"predecessor-version":[{"id":2951338,"href":"https:\/\/agpnoticias.com\/news\/wp-json\/wp\/v2\/posts\/2951336\/revisions\/2951338"}],"wp:featuredmedia":[{"embeddable":true,"href":"https:\/\/agpnoticias.com\/news\/wp-json\/wp\/v2\/media\/2951337"}],"wp:attachment":[{"href":"https:\/\/agpnoticias.com\/news\/wp-json\/wp\/v2\/media?parent=2951336"}],"wp:term":[{"taxonomy":"category","embeddable":true,"href":"https:\/\/agpnoticias.com\/news\/wp-json\/wp\/v2\/categories?post=2951336"},{"taxonomy":"post_tag","embeddable":true,"href":"https:\/\/agpnoticias.com\/news\/wp-json\/wp\/v2\/tags?post=2951336"}],"curies":[{"name":"wp","href":"https:\/\/api.w.org\/{rel}","templated":true}]}}