{"id":2951594,"date":"2023-02-21T07:27:42","date_gmt":"2023-02-21T15:27:42","guid":{"rendered":"https:\/\/agpnoticias.com\/news\/?p=2951594"},"modified":"2023-02-21T07:27:44","modified_gmt":"2023-02-21T15:27:44","slug":"canelo-alvarez-volvera-a-pelear-en-mexico-despues-de-12-anos","status":"publish","type":"post","link":"https:\/\/agpnoticias.com\/news\/canelo-alvarez-volvera-a-pelear-en-mexico-despues-de-12-anos\/","title":{"rendered":"\u00abCanelo\u00bb \u00c1lvarez volver\u00e1 a pelear en M\u00e9xico despu\u00e9s de 12 a\u00f1os"},"content":{"rendered":"\n\n\n<p>Guadalajara, Jalisco.- El boxeador <strong>Sa\u00fal<\/strong>\u00a0\u2018<strong>Canelo<\/strong>\u2018\u00a0<strong>\u00c1lvarez\u00a0<\/strong>volver\u00e1 a pelear en\u00a0<strong>Guadalajara<\/strong>,\u00a0<strong>Jalisco<\/strong>, este 2023.<\/p>\n<p>El gobernador\u00a0<strong>Enrique Alfaro<\/strong>\u00a0<a href=\"https:\/\/twitter.com\/EnriqueAlfaroR\" target=\"_blank\" rel=\"noopener noreferrer\">comparti\u00f3\u00a0<\/a>en sus redes sociales un video en el que confirm\u00f3 la noticia. La pelea se realizar\u00e1 para celebrar los 200 a\u00f1os de Jalisco como estado libre y soberano.<\/p>\n<p><blockquote class=\"twitter-tweet\" data-width=\"550\" data-dnt=\"true\"><p lang=\"es\" dir=\"ltr\">El boxeador m\u00e1s grande de M\u00e9xico regresa a casa para pelear por Jalisco y celebrar contigo sus 200 a\u00f1os libre y soberano. Escucha esta sorpresa y comp\u00e1rtela: <a href=\"https:\/\/t.co\/j4bykSJe1A\">pic.twitter.com\/j4bykSJe1A<\/a><\/p>&mdash; Enrique Alfaro (@EnriqueAlfaroR) <a href=\"https:\/\/twitter.com\/EnriqueAlfaroR\/status\/1627763672687996928?ref_src=twsrc%5Etfw\">February 20, 2023<\/a><\/blockquote><script async src=\"https:\/\/platform.twitter.com\/widgets.js\" charset=\"utf-8\"><\/script><\/p>\n<div id=\"ros-inread-cxcna4\" class=\"ad-container dfp-ad-unit ad-inread ad-main-inread ad-slot\" data-ad-type=\"inread\" data-slot=\"inread\" data-ad-loaded=\"1\" data-ad-setup=\"{&quot;postID&quot;:1507200,&quot;canRefresh&quot;:false,&quot;infinitescroll&quot;:false}\" data-google-query-id=\"CIbTq7D2pv0CFezl_QUdU9cBGg\">\n<div id=\"google_ads_iframe_\/76814929\/ld\/inread_0__container__\"><span style=\"font-family: 'PT Serif', sans-serif; font-size: 1.1rem;\">Estoy listo para regresar a mi casa y defender mis t\u00edtulos en el lugar donde nac\u00ed y donde inici\u00f3 mi historia, con la gente que siempre me ha apoyado\u201d, expres\u00f3 el <\/span>boxeador<span style=\"font-family: 'PT Serif', sans-serif; font-size: 1.1rem;\">\u00a0en el video.<\/span><\/div>\n<\/div>\n<p>\u2018Canelo\u2019 \u00c1lvarez no hab\u00eda peleado en M\u00e9xico desde 2011, cuando enfrent\u00f3 al puertorrique\u00f1o\u00a0<strong>Kermit Cintron<\/strong>\u00a0en la\u00a0<strong>Monumental Plaza de Toros<\/strong>\u00a0de la Ciudad de M\u00e9xico.<\/p>\n<p>\u00a0<\/p>\n","protected":false},"excerpt":{"rendered":"","protected":false},"author":1,"featured_media":2951595,"comment_status":"open","ping_status":"closed","sticky":false,"template":"","format":"standard","meta":{"footnotes":""},"categories":[36],"tags":[595],"class_list":["post-2951594","post","type-post","status-publish","format-standard","has-post-thumbnail","hentry","category-boxeo","tag-destacado"],"_links":{"self":[{"href":"https:\/\/agpnoticias.com\/news\/wp-json\/wp\/v2\/posts\/2951594","targetHints":{"allow":["GET"]}}],"collection":[{"href":"https:\/\/agpnoticias.com\/news\/wp-json\/wp\/v2\/posts"}],"about":[{"href":"https:\/\/agpnoticias.com\/news\/wp-json\/wp\/v2\/types\/post"}],"author":[{"embeddable":true,"href":"https:\/\/agpnoticias.com\/news\/wp-json\/wp\/v2\/users\/1"}],"replies":[{"embeddable":true,"href":"https:\/\/agpnoticias.com\/news\/wp-json\/wp\/v2\/comments?post=2951594"}],"version-history":[{"count":1,"href":"https:\/\/agpnoticias.com\/news\/wp-json\/wp\/v2\/posts\/2951594\/revisions"}],"predecessor-version":[{"id":2951596,"href":"https:\/\/agpnoticias.com\/news\/wp-json\/wp\/v2\/posts\/2951594\/revisions\/2951596"}],"wp:featuredmedia":[{"embeddable":true,"href":"https:\/\/agpnoticias.com\/news\/wp-json\/wp\/v2\/media\/2951595"}],"wp:attachment":[{"href":"https:\/\/agpnoticias.com\/news\/wp-json\/wp\/v2\/media?parent=2951594"}],"wp:term":[{"taxonomy":"category","embeddable":true,"href":"https:\/\/agpnoticias.com\/news\/wp-json\/wp\/v2\/categories?post=2951594"},{"taxonomy":"post_tag","embeddable":true,"href":"https:\/\/agpnoticias.com\/news\/wp-json\/wp\/v2\/tags?post=2951594"}],"curies":[{"name":"wp","href":"https:\/\/api.w.org\/{rel}","templated":true}]}}