{"id":2952578,"date":"2023-03-09T19:07:30","date_gmt":"2023-03-10T03:07:30","guid":{"rendered":"https:\/\/agpnoticias.com\/news\/?p=2952578"},"modified":"2023-03-09T19:07:54","modified_gmt":"2023-03-10T03:07:54","slug":"demi-moore-se-muda-con-bruce-willis-y-su-esposa-para-cuidar-al-actor","status":"publish","type":"post","link":"https:\/\/agpnoticias.com\/news\/demi-moore-se-muda-con-bruce-willis-y-su-esposa-para-cuidar-al-actor\/","title":{"rendered":"Demi Moore se muda con Bruce Willis y su esposa para cuidar al actor"},"content":{"rendered":"\n\n\n<p>Demi Moore se muda con Bruce Willis y su esposa para cuidar al actor\u00a0<strong>Demi Moore\u00a0<\/strong>se mud\u00f3 a la propiedad de su exesposo<strong>\u00a0Bruce Willis<\/strong>\u00a0y su actual pareja,\u00a0<strong>Emma Heming<\/strong>, para cuidar de la salud del actor que padece\u00a0<strong>demencia frontotemporal<\/strong>, de acuerdo con la informaci\u00f3n publicada por medios internacionales, que aseguran que la famosa actriz est\u00e1 decidida a estar a lado de su expareja \u201chasta el final\u201d.<\/p>\n<div class=\"article-image-slot image-slot-placeholder\" data-image-href=\"https:\/\/www.msn.com\/es-mx\/entretenimiento\/other\/demi-moore-se-muda-con-bruce-willis-y-su-esposa-para-cuidar-al-actor\/ar-AA18nF3x?ocid=hpmsn&amp;cvid=c247342e57b047198e2147005a6e05fb&amp;ei=49&amp;fullscreen=true#image=2\" data-doc-id=\"cms\/api\/amp\/image\/AA18nJZG\" data-rendered=\"true\">\n<div class=\"article-image-container   \" data-t=\"{&quot;n&quot;:&quot;OpenModal&quot;,&quot;t&quot;:13}\"><a class=\"article-image-height-wrapper\" href=\"https:\/\/www.msn.com\/es-mx\/entretenimiento\/other\/demi-moore-se-muda-con-bruce-willis-y-su-esposa-para-cuidar-al-actor\/ar-AA18nF3x?ocid=hpmsn&amp;cvid=c247342e57b047198e2147005a6e05fb&amp;ei=49&amp;fullscreen=true#image=2\" target=\"_self\" data-t=\"{&quot;n&quot;:&quot;destination&quot;,&quot;t&quot;:14,&quot;b&quot;:1,&quot;c.t&quot;:14}\" rel=\"noopener\"><img decoding=\"async\" class=\"article-image article-image-ux-impr alignleft\" tabindex=\"0\" title=\"demi_bruce.jpg\" src=\"https:\/\/img-s-msn-com.akamaized.net\/tenant\/amp\/entityid\/AA18nJZG.img?w=567&amp;h=365&amp;m=6&amp;x=196&amp;y=50&amp;s=226&amp;d=134\" alt=\"demi_bruce.jpg\" \/><\/a>\n<p class=\"image-caption-container image-caption-container-ux-impr   content-small-text\"><span style=\"font-size: revert; color: initial;\">Fue hace tan s\u00f3lo unos d\u00edas que la esposa de Bruce Willis, la actriz y modelo Emma Heming dio a conocer la noticia de que la afasia que le fue diagnosticada al actor, noticia que la familia comparti\u00f3 hace un a\u00f1o, hab\u00eda progresado y convertido en demencia frontotemporal, una condici\u00f3n que produce dificultad para hablar, deterioro motor y cambios en la personalidad.<\/span><\/p>\n<\/div>\n<\/div>\n<p data-t=\"{&quot;n&quot;:&quot;blueLinks&quot;}\">En un video, Heming de 44 a\u00f1os comparti\u00f3 que compart\u00eda dicho mensaje, no s\u00f3lo para dar a conocer la salud actual del padre de sus dos hijas; Mabel (10 a\u00f1os) y Evelyn (8 a\u00f1os), sino para concientizar acerca de la demencia frontotemporal y las personas que la padecen, as\u00ed como reparar en aquellas personas que cuidan a las y los afectados por dicha dolencia, ya que es un proceso muy complicado de vivir.<\/p>\n<p class=\"continue-read-break\" data-t=\"{&quot;n&quot;:&quot;blueLinks&quot;}\">De hecho, Emma pregunt\u00f3 entre las personas que se detuvieron a escuchar lo que ten\u00eda por compartir, si hab\u00eda alguien que pudiera aconsejarla con respecto a c\u00f3mo salir al aire libre con un paciente de esta enfermedad y las medidas preventivas que ten\u00eda que tomar en cuenta para salvaguardar la integridad de la persona afectada, debido a que salir s\u00f3lo por un caf\u00e9 puede convertirse en una situaci\u00f3n de riesgo para la o el doliente.<\/p>\n","protected":false},"excerpt":{"rendered":"","protected":false},"author":1,"featured_media":2952579,"comment_status":"open","ping_status":"closed","sticky":false,"template":"","format":"standard","meta":{"footnotes":""},"categories":[1064],"tags":[],"class_list":["post-2952578","post","type-post","status-publish","format-standard","has-post-thumbnail","hentry","category-espectaculos-2"],"_links":{"self":[{"href":"https:\/\/agpnoticias.com\/news\/wp-json\/wp\/v2\/posts\/2952578","targetHints":{"allow":["GET"]}}],"collection":[{"href":"https:\/\/agpnoticias.com\/news\/wp-json\/wp\/v2\/posts"}],"about":[{"href":"https:\/\/agpnoticias.com\/news\/wp-json\/wp\/v2\/types\/post"}],"author":[{"embeddable":true,"href":"https:\/\/agpnoticias.com\/news\/wp-json\/wp\/v2\/users\/1"}],"replies":[{"embeddable":true,"href":"https:\/\/agpnoticias.com\/news\/wp-json\/wp\/v2\/comments?post=2952578"}],"version-history":[{"count":1,"href":"https:\/\/agpnoticias.com\/news\/wp-json\/wp\/v2\/posts\/2952578\/revisions"}],"predecessor-version":[{"id":2952580,"href":"https:\/\/agpnoticias.com\/news\/wp-json\/wp\/v2\/posts\/2952578\/revisions\/2952580"}],"wp:featuredmedia":[{"embeddable":true,"href":"https:\/\/agpnoticias.com\/news\/wp-json\/wp\/v2\/media\/2952579"}],"wp:attachment":[{"href":"https:\/\/agpnoticias.com\/news\/wp-json\/wp\/v2\/media?parent=2952578"}],"wp:term":[{"taxonomy":"category","embeddable":true,"href":"https:\/\/agpnoticias.com\/news\/wp-json\/wp\/v2\/categories?post=2952578"},{"taxonomy":"post_tag","embeddable":true,"href":"https:\/\/agpnoticias.com\/news\/wp-json\/wp\/v2\/tags?post=2952578"}],"curies":[{"name":"wp","href":"https:\/\/api.w.org\/{rel}","templated":true}]}}