{"id":2959488,"date":"2023-07-11T06:26:59","date_gmt":"2023-07-11T13:26:59","guid":{"rendered":"https:\/\/agpnoticias.com\/news\/?p=2959488"},"modified":"2023-07-11T06:28:13","modified_gmt":"2023-07-11T13:28:13","slug":"estos-son-los-13-personajes-que-buscaran-la-candidatura-presidencial-de-la-oposicion-en-mexico","status":"publish","type":"post","link":"https:\/\/agpnoticias.com\/news\/estos-son-los-13-personajes-que-buscaran-la-candidatura-presidencial-de-la-oposicion-en-mexico\/","title":{"rendered":"Estos son los 13 personajes que buscar\u00e1n la candidatura presidencial de la oposici\u00f3n en M\u00e9xico"},"content":{"rendered":"\n<p>Ciudad de M\u00e9xico.- El Frente Amplio por M\u00e9xico present\u00f3 a los 13 aspirantes que competir\u00e1n en su proceso interno para ser candidatos presidenciales en 2024 por la alianza integrada por el<strong> Partido Revolucionario Institucional<\/strong> (PRI), <a href=\"https:\/\/twitter.com\/AccionNacional\" target=\"_blank\" rel=\"noopener noreferrer\"><strong>Acci\u00f3n Nacional<\/strong><\/a> (PAN) y de la<strong> Revoluci\u00f3n Democr\u00e1tica<\/strong> (PRD).<\/p>\n<p>Entre ellos destacan, por el PAN, la senadora y favorita en las encuestas, <strong>X\u00f3chitl G\u00e1lvez,<\/strong> y el presidente de la C\u00e1mara de Diputados, <strong>Santiago Creel<\/strong>, el segundo mejor posicionado.<\/p>\n<p>Por el PRI, est\u00e1n la senadora <strong>Beatriz Paredes<\/strong> y el exsecretario de Turismo <strong>Enrique de la Madrid<\/strong>; y por el PRD, el exjefe de Gobierno de Ciudad de M\u00e9xico <strong>Miguel \u00c1ngel Mancera<\/strong> y el exgobernador de Michoac\u00e1n <strong>Silvano Aureoles<\/strong>.<\/p>\n<p>Tambi\u00e9n est\u00e1n admitidos al proceso el exgobernador de Tamulipas <strong>Francisco Javier Garc\u00eda Cabeza de Vaca<\/strong>, investigado por <strong>lavado de dinero<\/strong> y <strong>delincuencia organizada<\/strong>; el exgobernador de Quer\u00e9taro <strong>Ignacio Loyola<\/strong>; el exlegislador <strong>Jorge Luis Preciado<\/strong>; y el diputado y excandidato presidencial <strong>Gabriel Quadri<\/strong>.<\/p>\n<p>Los aspirantes admitidos de la sociedad civil organizada fueron <strong>Israel Rivas<\/strong>, activista que ha denunciado la falta de medicamentos <strong>oncol\u00f3gicos<\/strong>; <strong>Sergio Iv\u00e1n Torres<\/strong>, presidente de la Red Nacional de Asociaciones Policiales y exsecretario de Seguridad P\u00fablica de San Andr\u00e9s Cholula, Puebla; y<strong> Jos\u00e9 Jaime Enrique F\u00e9lix<\/strong>, exmiembro de la Universidad Nacional Aut\u00f3noma de M\u00e9xico (UNAM) y exdiputado.<\/p>\n<p>En total, explicaron los miembros del comit\u00e9 organizador del proceso, <strong>33 personas<\/strong> se postularon para participar en el proceso, de los que 20 quedaron fuera por no cumplir con los requisitos o presentar los documentos necesarios fuera de tiempo o forma.<\/p>\n<p>\u201cHoy concluye con \u00e9xito la fase inicial de este proceso consultivo con la sociedad civil, el <strong>PRI, PAN<\/strong> y <strong>PRD<\/strong>. Estamos listos para iniciar la primera etapa, que nos convoca a todos los <strong>ciudadanos<\/strong> <strong>mexicanos<\/strong>, incluyendo los residentes en el extranjero\u201d, dijo Teresa Gonz\u00e1lez Luna, miembro del comit\u00e9 organizador en una conferencia.<\/p>\n<p>A partir del pr\u00f3ximo mi\u00e9rcoles y hasta el 12 de agosto, deber\u00e1n reunir 150 mil firmas para pasar a la siguiente fase del proceso.<br \/>Tras una serie de foros de debates y encuestas, tres finalistas se medir\u00e1n en una etapa final cuyo resultado se dirimir\u00e1 el 3 de septiembre.<\/p>\n<p>\u201cEs interesante ver c\u00f3mo camina la construcci\u00f3n del <strong>frente<\/strong> y c\u00f3mo ha impactado positivamente a la ciudadan\u00eda. Estamos cambiando la narrativa de un pa\u00eds, que hace una semana era verdaderamente desoladora\u201d, celebr\u00f3 el coordinador del grupo parlamentario del PRD, Luis Espinosa.<\/p>\n<p>El pasado domingo, los partidos miembros de <strong>Va por M\u00e9xico<\/strong>registraron de forma oficial ante el <strong>Instituto Nacional Electoral<\/strong>(INE) el Frente Amplio por M\u00e9xico, como han convenido llamar el \u00f3rgano que gestionar\u00e1 el proceso interno.<\/p>\n<p>En tanto, el partido gobernante, el <strong>Movimiento Regeneraci\u00f3n Nacional<\/strong> (Morena), lleva tres semanas en busca del sucesor del presidente Andr\u00e9s Manuel L\u00f3pez Obrador, un proceso que se definir\u00e1 el 6 de septiembre.<\/p>\n<p>Con informaci\u00f3n de EFE<\/p>\n<p>\u00a0<\/p>\n<div id=\"ros-inread-multiple-2czw43\" class=\"ad-container dfp-ad-unit ad-inread ad-slot\" data-ad-type=\"inreadbox\" data-slot=\"inread-multiple\" data-ad-loaded=\"1\" data-ad-setup=\"{&quot;postID&quot;:1543705,&quot;canRefresh&quot;:false,&quot;infinitescroll&quot;:false}\" data-google-query-id=\"CI_txZ3ghoADFdjHuAgdl6YGLQ\">\u00a0<\/div>\n<p>\u00a0<\/p>\n","protected":false},"excerpt":{"rendered":"","protected":false},"author":1,"featured_media":2959489,"comment_status":"closed","ping_status":"closed","sticky":false,"template":"","format":"standard","meta":{"footnotes":""},"categories":[1],"tags":[],"class_list":["post-2959488","post","type-post","status-publish","format-standard","has-post-thumbnail","hentry","category-uncategorized"],"_links":{"self":[{"href":"https:\/\/agpnoticias.com\/news\/wp-json\/wp\/v2\/posts\/2959488","targetHints":{"allow":["GET"]}}],"collection":[{"href":"https:\/\/agpnoticias.com\/news\/wp-json\/wp\/v2\/posts"}],"about":[{"href":"https:\/\/agpnoticias.com\/news\/wp-json\/wp\/v2\/types\/post"}],"author":[{"embeddable":true,"href":"https:\/\/agpnoticias.com\/news\/wp-json\/wp\/v2\/users\/1"}],"replies":[{"embeddable":true,"href":"https:\/\/agpnoticias.com\/news\/wp-json\/wp\/v2\/comments?post=2959488"}],"version-history":[{"count":2,"href":"https:\/\/agpnoticias.com\/news\/wp-json\/wp\/v2\/posts\/2959488\/revisions"}],"predecessor-version":[{"id":2959491,"href":"https:\/\/agpnoticias.com\/news\/wp-json\/wp\/v2\/posts\/2959488\/revisions\/2959491"}],"wp:featuredmedia":[{"embeddable":true,"href":"https:\/\/agpnoticias.com\/news\/wp-json\/wp\/v2\/media\/2959489"}],"wp:attachment":[{"href":"https:\/\/agpnoticias.com\/news\/wp-json\/wp\/v2\/media?parent=2959488"}],"wp:term":[{"taxonomy":"category","embeddable":true,"href":"https:\/\/agpnoticias.com\/news\/wp-json\/wp\/v2\/categories?post=2959488"},{"taxonomy":"post_tag","embeddable":true,"href":"https:\/\/agpnoticias.com\/news\/wp-json\/wp\/v2\/tags?post=2959488"}],"curies":[{"name":"wp","href":"https:\/\/api.w.org\/{rel}","templated":true}]}}