{"id":2961265,"date":"2023-08-27T20:25:27","date_gmt":"2023-08-28T03:25:27","guid":{"rendered":"https:\/\/agpnoticias.com\/news\/?p=2961265"},"modified":"2023-08-27T20:25:29","modified_gmt":"2023-08-28T03:25:29","slug":"refrenda-marina-del-pilar-la-unidad-de-la-4t-en-baja-california","status":"publish","type":"post","link":"https:\/\/agpnoticias.com\/news\/refrenda-marina-del-pilar-la-unidad-de-la-4t-en-baja-california\/","title":{"rendered":"Refrenda Marina del Pilar la unidad de la 4T en Baja California"},"content":{"rendered":"\n<p><span style=\"font-size: revert;\">Mexicali, Baja California .- Marina del Pilar Avila Olmeda, gobernadora de Baja California, llam\u00f3 a las y los integrantes de la Cuarta Transformaci\u00f3n a mantener la unidad para fortalecer el proceso de transformaci\u00f3n de la vida p\u00fablica, bajo el liderazgo del presidente de M\u00e9xico, Andr\u00e9s Manuel L\u00f3pez Obrador. En una reuni\u00f3n con militantes y simpatizantes del movimiento en Baja California, expres\u00f3 que las y los mexicanos han tenido la confianza en dicho organismo pol\u00edtico para construir un pa\u00eds m\u00e1s justo, m\u00e1s igualitario y m\u00e1s solidario.<\/span><\/p>\n<p>Estuvieron presentes en el evento la alcaldesa de Mexicali, Norma Alicia Bustamante Mart\u00ednez, el alcalde de Ensenada, Armando Ayala Robles, el alcalde de Tecate, \u00c9dgar Dar\u00edo Ben\u00edtez Ruiz, la alcaldesa de Playas de Rosarito, Araceli Brown Figueredo, el presidente del Concejo Municipal de San Quint\u00edn, Jorge Alberto L\u00f3pez Peralta y el presidente del Concejo Municipal de San Felipe, Jos\u00e9 Luis Dagnino L\u00f3pez, as\u00ed como diputadas y diputados federales y locales, as\u00ed como regidoras, regidores, s\u00edndicos, el presidente del Consejo Estatal de Morena, C\u00e9sar Castro y el presidente del Comit\u00e9 Ejecutivo Estatal de Morena, Ismael Burgue\u00f1o Ruiz.<\/p>\n<p>\u00abMorena es un instrumento pol\u00edtico para lograr la transformaci\u00f3n en la cual creemos y coincidimos todos nosotros y por eso estamos aqu\u00ed. Como ha dicho el presidente: no se trata del cargo, sino del encargo, de lo que podemos hacer\u00bb, manifest\u00f3 la mandataria estatal en un mensaje a los militantes y simpatizantes presentes, a quienes hizo un llamado a no distraerse en temas internos o proyectos personales.<\/p>\n","protected":false},"excerpt":{"rendered":"","protected":false},"author":1,"featured_media":2961266,"comment_status":"closed","ping_status":"closed","sticky":false,"template":"","format":"standard","meta":{"footnotes":""},"categories":[1],"tags":[],"class_list":["post-2961265","post","type-post","status-publish","format-standard","has-post-thumbnail","hentry","category-uncategorized"],"_links":{"self":[{"href":"https:\/\/agpnoticias.com\/news\/wp-json\/wp\/v2\/posts\/2961265","targetHints":{"allow":["GET"]}}],"collection":[{"href":"https:\/\/agpnoticias.com\/news\/wp-json\/wp\/v2\/posts"}],"about":[{"href":"https:\/\/agpnoticias.com\/news\/wp-json\/wp\/v2\/types\/post"}],"author":[{"embeddable":true,"href":"https:\/\/agpnoticias.com\/news\/wp-json\/wp\/v2\/users\/1"}],"replies":[{"embeddable":true,"href":"https:\/\/agpnoticias.com\/news\/wp-json\/wp\/v2\/comments?post=2961265"}],"version-history":[{"count":1,"href":"https:\/\/agpnoticias.com\/news\/wp-json\/wp\/v2\/posts\/2961265\/revisions"}],"predecessor-version":[{"id":2961267,"href":"https:\/\/agpnoticias.com\/news\/wp-json\/wp\/v2\/posts\/2961265\/revisions\/2961267"}],"wp:featuredmedia":[{"embeddable":true,"href":"https:\/\/agpnoticias.com\/news\/wp-json\/wp\/v2\/media\/2961266"}],"wp:attachment":[{"href":"https:\/\/agpnoticias.com\/news\/wp-json\/wp\/v2\/media?parent=2961265"}],"wp:term":[{"taxonomy":"category","embeddable":true,"href":"https:\/\/agpnoticias.com\/news\/wp-json\/wp\/v2\/categories?post=2961265"},{"taxonomy":"post_tag","embeddable":true,"href":"https:\/\/agpnoticias.com\/news\/wp-json\/wp\/v2\/tags?post=2961265"}],"curies":[{"name":"wp","href":"https:\/\/api.w.org\/{rel}","templated":true}]}}