{"id":2973068,"date":"2024-06-28T10:31:01","date_gmt":"2024-06-28T17:31:01","guid":{"rendered":"https:\/\/agpnoticias.com\/news\/?p=2973068"},"modified":"2024-06-28T10:44:54","modified_gmt":"2024-06-28T17:44:54","slug":"natalia-escalera-se-despide-de-mexico-trabajando-en-guadalajara-antes-de-viajar-a-europa","status":"publish","type":"post","link":"https:\/\/agpnoticias.com\/news\/natalia-escalera-se-despide-de-mexico-trabajando-en-guadalajara-antes-de-viajar-a-europa\/","title":{"rendered":"Natalia Escalera se despide de M\u00e9xico trabajando en Guadalajara, antes de viajar a Europa"},"content":{"rendered":"\n\n\n<p class=\"p1\">Guadalajara, Jalisco.- Natalia Escalera y Pavel Oceguera vuelan a Europa el domingo.<\/p>\n<p class=\"p1\">Madrid es el primero de sus destinos; \u00faltima escala, asimismo, rumbo a Par\u00eds, sede de los Juegos Ol\u00edmpicos 2024.<\/p>\n<p class=\"p1\">En la capital espa\u00f1ola estar\u00e1n 20 d\u00edas, para de ah\u00ed trasladarse a la sede ol\u00edmpica.<\/p>\n<p class=\"p1\">Por lo pronto, la gimnasta ensenadense realiza un campamento en Guadalajara, Jalisco, para aprovechar los aparatos oficiales montados con motivo de la celebraci\u00f3n de los Juegos Nacionales Conade.<\/p>\n<p class=\"p1\">Aprovecha los horarios disponibles: muy temprano por la ma\u00f1ana o ya tarde, despu\u00e9s de finalizadas las jornadas de la justa infantil y juvenil.<\/p>\n<p class=\"p1\">Adem\u00e1s del trabajo junto a su entrenador en el Polideportivo CODE L\u00f3pez Mateos, un grupo \u00e9lite de jueces de gimnasia femenil en M\u00e9xico se encarga de orientarla para ajustar aspectos t\u00e9cnicos.<\/p>\n<p class=\"p1\">Tras un ciclo consistente culminado con su clasificaci\u00f3n, Natalia Escalera debutar\u00e1 en Juegos Ol\u00edmpicos.<\/p>\n<p class=\"p1\">Es una de las tres pr\u00f3ximas representantes de M\u00e9xico en Par\u00eds. La m\u00e1s joven.<\/p>\n<p class=\"p1\">Alexa Moreno, tambi\u00e9n de Baja California, vivir\u00e1 su tercera experiencia ol\u00edmpica.<\/p>\n<p class=\"p1\">Athziri Sandoval completa el grupo.<\/p>\n","protected":false},"excerpt":{"rendered":"","protected":false},"author":1,"featured_media":2973071,"comment_status":"closed","ping_status":"closed","sticky":false,"template":"","format":"standard","meta":{"footnotes":""},"categories":[73,46,1151,1152],"tags":[],"class_list":["post-2973068","post","type-post","status-publish","format-standard","has-post-thumbnail","hentry","category-deportebajacalifornia","category-gimnasia","category-portada","category-editor-seleccion"],"_links":{"self":[{"href":"https:\/\/agpnoticias.com\/news\/wp-json\/wp\/v2\/posts\/2973068","targetHints":{"allow":["GET"]}}],"collection":[{"href":"https:\/\/agpnoticias.com\/news\/wp-json\/wp\/v2\/posts"}],"about":[{"href":"https:\/\/agpnoticias.com\/news\/wp-json\/wp\/v2\/types\/post"}],"author":[{"embeddable":true,"href":"https:\/\/agpnoticias.com\/news\/wp-json\/wp\/v2\/users\/1"}],"replies":[{"embeddable":true,"href":"https:\/\/agpnoticias.com\/news\/wp-json\/wp\/v2\/comments?post=2973068"}],"version-history":[{"count":2,"href":"https:\/\/agpnoticias.com\/news\/wp-json\/wp\/v2\/posts\/2973068\/revisions"}],"predecessor-version":[{"id":2973070,"href":"https:\/\/agpnoticias.com\/news\/wp-json\/wp\/v2\/posts\/2973068\/revisions\/2973070"}],"wp:featuredmedia":[{"embeddable":true,"href":"https:\/\/agpnoticias.com\/news\/wp-json\/wp\/v2\/media\/2973071"}],"wp:attachment":[{"href":"https:\/\/agpnoticias.com\/news\/wp-json\/wp\/v2\/media?parent=2973068"}],"wp:term":[{"taxonomy":"category","embeddable":true,"href":"https:\/\/agpnoticias.com\/news\/wp-json\/wp\/v2\/categories?post=2973068"},{"taxonomy":"post_tag","embeddable":true,"href":"https:\/\/agpnoticias.com\/news\/wp-json\/wp\/v2\/tags?post=2973068"}],"curies":[{"name":"wp","href":"https:\/\/api.w.org\/{rel}","templated":true}]}}