{"id":2973072,"date":"2024-06-28T16:22:42","date_gmt":"2024-06-28T23:22:42","guid":{"rendered":"https:\/\/agpnoticias.com\/news\/?p=2973072"},"modified":"2024-06-28T16:22:45","modified_gmt":"2024-06-28T23:22:45","slug":"chiquito-sanchez-es-jugador-del-america","status":"publish","type":"post","link":"https:\/\/agpnoticias.com\/news\/chiquito-sanchez-es-jugador-del-america\/","title":{"rendered":"\u201cChiquito\u201d S\u00e1nchez es jugador del Am\u00e9rica"},"content":{"rendered":"\n\n\n<p>Ciudad de M\u00e9xico.- Erick \u201cChiquito\u201d S\u00e1nchez fue presentado como jugador del Am\u00e9rica.<\/p>\n<p>El ex jugador del Pachuca fue colocado en alg\u00fan momento como potencial fichaje rumbo a Europa, pero al final se qued\u00f3 en M\u00e9xico con el actual sub campe\u00f3n.<\/p>\n<p>\u201cS\u00e9 que llego al equipo m\u00e1s grande. Por eso les digo, soy Chiquito, pero grande de coraz\u00f3n\u201c, dice en un video publicado por el club en redes sociales.<\/p>\n<p>Por el momento, el futbolista se encuentra con la selecci\u00f3n mexicana en la Copa Am\u00e9rica.<\/p>\n<p><blockquote class=\"twitter-tweet\" data-width=\"550\" data-dnt=\"true\"><p lang=\"es\" dir=\"ltr\">\u00bfQu\u00e9 nos hace grandes? ?<br>Pasi\u00f3n, esfuerzo y compromiso.<a href=\"https:\/\/twitter.com\/hashtag\/GrandesDeCoraz%C3%B3n?src=hash&amp;ref_src=twsrc%5Etfw\">#GrandesDeCoraz\u00f3n<\/a> ?? <a href=\"https:\/\/t.co\/Is2BK31PpB\">pic.twitter.com\/Is2BK31PpB<\/a><\/p>&mdash; Club Am\u00e9rica (@ClubAmerica) <a href=\"https:\/\/twitter.com\/ClubAmerica\/status\/1806779737269801139?ref_src=twsrc%5Etfw\">June 28, 2024<\/a><\/blockquote><script async src=\"https:\/\/platform.twitter.com\/widgets.js\" charset=\"utf-8\"><\/script><\/p>\n","protected":false},"excerpt":{"rendered":"","protected":false},"author":1,"featured_media":2973073,"comment_status":"closed","ping_status":"closed","sticky":false,"template":"","format":"video","meta":{"footnotes":""},"categories":[32,1081,1151],"tags":[907],"class_list":["post-2973072","post","type-post","status-publish","format-video","has-post-thumbnail","hentry","category-soccer","category-liga-mx","category-portada","tag-tendencia","post_format-post-format-video"],"_links":{"self":[{"href":"https:\/\/agpnoticias.com\/news\/wp-json\/wp\/v2\/posts\/2973072","targetHints":{"allow":["GET"]}}],"collection":[{"href":"https:\/\/agpnoticias.com\/news\/wp-json\/wp\/v2\/posts"}],"about":[{"href":"https:\/\/agpnoticias.com\/news\/wp-json\/wp\/v2\/types\/post"}],"author":[{"embeddable":true,"href":"https:\/\/agpnoticias.com\/news\/wp-json\/wp\/v2\/users\/1"}],"replies":[{"embeddable":true,"href":"https:\/\/agpnoticias.com\/news\/wp-json\/wp\/v2\/comments?post=2973072"}],"version-history":[{"count":1,"href":"https:\/\/agpnoticias.com\/news\/wp-json\/wp\/v2\/posts\/2973072\/revisions"}],"predecessor-version":[{"id":2973074,"href":"https:\/\/agpnoticias.com\/news\/wp-json\/wp\/v2\/posts\/2973072\/revisions\/2973074"}],"wp:featuredmedia":[{"embeddable":true,"href":"https:\/\/agpnoticias.com\/news\/wp-json\/wp\/v2\/media\/2973073"}],"wp:attachment":[{"href":"https:\/\/agpnoticias.com\/news\/wp-json\/wp\/v2\/media?parent=2973072"}],"wp:term":[{"taxonomy":"category","embeddable":true,"href":"https:\/\/agpnoticias.com\/news\/wp-json\/wp\/v2\/categories?post=2973072"},{"taxonomy":"post_tag","embeddable":true,"href":"https:\/\/agpnoticias.com\/news\/wp-json\/wp\/v2\/tags?post=2973072"}],"curies":[{"name":"wp","href":"https:\/\/api.w.org\/{rel}","templated":true}]}}